{"id":886,"date":"2021-06-08T22:15:12","date_gmt":"2021-06-08T20:15:12","guid":{"rendered":"http:\/\/deutsche-partei-dp.de\/?p=886"},"modified":"2021-12-27T12:54:15","modified_gmt":"2021-12-27T11:54:15","slug":"%f0%9d%97%97%f0%9d%97%ae%cc%88%f0%9d%97%bb%f0%9d%97%b2%f0%9d%97%ba%f0%9d%97%ae%f0%9d%97%bf%f0%9d%97%b8-%f0%9d%97%b8%f0%9d%97%b2%f0%9d%97%b6%f0%9d%97%bb%f0%9d%97%b2-%f0%9d%97%a5%f0%9d%97%b2","status":"publish","type":"post","link":"http:\/\/deutsche-partei-dp.de\/?p=886","title":{"rendered":"\ud835\uddd7\ud835\uddee\u0308\ud835\uddfb\ud835\uddf2\ud835\uddfa\ud835\uddee\ud835\uddff\ud835\uddf8, \ud835\uddf8\ud835\uddf2\ud835\uddf6\ud835\uddfb\ud835\uddf2 \ud835\udde5\ud835\uddf2\ud835\ude00\ud835\ude00\ud835\uddfc\ud835\ude02\ud835\uddff\ud835\uddf0\ud835\uddf2\ud835\uddfb \ud835\uddfa\ud835\uddf2\ud835\uddf5\ud835\uddff \ud835\uddf3\ud835\ude02\u0308\ud835\uddff \ud835\uddd4\ud835\ude00\ud835\ude06\ud835\uddf9\ud835\uddef\ud835\uddf2\ud835\ude04\ud835\uddf2\ud835\uddff\ud835\uddef\ud835\uddf2\ud835\uddff."},"content":{"rendered":"<p style=\"text-align: justify;\">\ud835\uddd7\ud835\uddee\u0308\ud835\uddfb\ud835\uddf2\ud835\uddfa\ud835\uddee\ud835\uddff\ud835\uddf8 zeigt wie es geht. Schon lange verfolgt D\u00e4nemark eine knallharte \ud835\uddd4\ud835\ude00\ud835\ude06\ud835\uddf9\ud835\uddfd\ud835\uddfc\ud835\uddf9\ud835\uddf6\ud835\ude01\ud835\uddf6\ud835\uddf8. Man soll sich wundern, vorangetrieben von den Sozialdemokraten. Diese sind nat\u00fcrlich mit dem von \ud835\uddd8\ud835\ude00\ud835\uddf8\ud835\uddf2\ud835\uddfb gef\u00fchrten \ud835\udde6\ud835\udde3\ud835\uddd7-\ud835\udddb\ud835\uddee\ud835\ude02\ud835\uddf3\ud835\uddf2\ud835\uddfb nicht zu vergleichen.<\/p>\n<p style=\"text-align: justify;\">Ihre Idee lautet: Menschen erst gar nicht ins Land lassen, sondern die Asylantr\u00e4ge und den eventuell daraus entstehenden Schutzanspruch in ein Drittland au\u00dferhalb der EU zu verlagern. &#8222;Wir m\u00f6chten, dass in D\u00e4nemark und in der EU keine massiven Ressourcen mehr f\u00fcr die Bearbeitung der Antr\u00e4ge von Hunderttausenden Asylbewerbern aufwendet werden, obwohl die H\u00e4lfte davon keine Fl\u00fcchtlinge sind &#8211; und gleichzeitig gibt es Millionen Menschen, die kein Geld haben f\u00fcr einen Menschenschmuggler nach Europa&#8220;, sagt der d\u00e4nische Ausl\u00e4nder- und Integrationsminister Mattias Tesfaye. &#8222;Die werden ohne die notwendige Hilfe in den Nachbargebieten der Konflikte zur\u00fcckgelassen.&#8220;<\/p>\n<p style=\"text-align: justify;\">Dieser Aussage k\u00f6nnen wir von der \ud835\uddd7\ud835\uddf2\ud835\ude02\ud835\ude01\ud835\ude00\ud835\uddf0\ud835\uddf5\ud835\uddf2\ud835\uddfb \ud835\udde3\ud835\uddee\ud835\uddff\ud835\ude01\ud835\uddf2\ud835\uddf6 nur zustimmen. In Zukunft sollen sehr viel weniger Fl\u00fcchtlinge nach D\u00e4nemark kommen. Das langfristigere Ziel bezeichnete der Minister als: \ud835\uddf4\ud835\uddee\ud835\uddff \ud835\uddf8\ud835\uddf2\ud835\uddf6\ud835\uddfb\ud835\uddf2 \ud835\uddd4\ud835\ude00\ud835\ude06\ud835\uddf9\ud835\uddef\ud835\uddf2\ud835\ude04\ud835\uddf2\ud835\uddff\ud835\uddef\ud835\uddf2\ud835\uddff \ud835\uddfa\ud835\uddf2\ud835\uddf5\ud835\uddff. Ein sehr zu begr\u00fc\u00dfender Gedanke. Das d\u00fcrfte f\u00fcr D\u00e4nemark zwar gut funktionieren, nur dass diese Fl\u00fcchtlinge dank unserer Politikversager dann in Deutschland stranden. Effektiv w\u00e4re es, wenn ganz Europa solch eine Asylpolitik verfolgt. Davon sind wir aber leider noch weit entfernt.<\/p>\n<p style=\"text-align: justify;\">Wer Geld f\u00fcr die \ud835\udde6\ud835\uddf0\ud835\uddf5\ud835\uddf9\ud835\uddf2\ud835\ude02\ud835\ude00\ud835\uddf2\ud835\uddff\ud835\uddef\ud835\uddee\ud835\uddfb\ud835\uddf1\ud835\uddf2\ud835\uddfb hat, der ben\u00f6tigt ganz gewiss kein Asyl. Wir schlie\u00dfen uns der Forderung nach einer 0 Asyl-Politik an und fordern weiterhin die \ud835\udde6\ud835\ude01\ud835\uddff\ud835\uddf2\ud835\uddf6\ud835\uddf0\ud835\uddf5\ud835\ude02\ud835\uddfb\ud835\uddf4 \ud835\uddf1\ud835\uddf2\ud835\ude00 \ud835\uddd4\ud835\ude00\ud835\ude06\ud835\uddf9\ud835\uddfd\ud835\uddee\ud835\uddff\ud835\uddee\ud835\uddff\ud835\uddee\ud835\uddfd\ud835\uddf5\ud835\uddf2\ud835\uddfb \ud835\uddee\ud835\ude02\ud835\ude00 \ud835\uddf1\ud835\uddf2\ud835\uddfa \ud835\uddda\ud835\uddda. Hier muss eine andere L\u00f6sung her, eine L\u00f6sung die f\u00fcr die Allgemeinheit vertr\u00e4glich ist. Das Ma\u00df der Unvertr\u00e4glichkeit ist jedenfalls schon lange \u00fcberschritten.<\/p>\n<p>Uwe Lamprecht<\/p>\n<p>\ud835\uddd7\ud835\uddf2\ud835\ude02\ud835\ude01\ud835\ude00\ud835\uddf0\ud835\uddf5\ud835\uddf2 \ud835\udde3\ud835\uddee\ud835\uddff\ud835\ude01\ud835\uddf2\ud835\uddf6-\ud835\ude02\ud835\uddfb\ud835\ude00\ud835\uddf2\ud835\uddff \ud835\udde1\ud835\uddee\ud835\uddfa\ud835\uddf2 \ud835\uddf6\ud835\ude00\ud835\ude01 \ud835\udde3\ud835\uddff\ud835\uddfc\ud835\uddf4\ud835\uddff\ud835\uddee\ud835\uddfa\ud835\uddfa.<\/p>\n","protected":false},"excerpt":{"rendered":"<p>\ud835\uddd7\ud835\uddee\u0308\ud835\uddfb\ud835\uddf2\ud835\uddfa\ud835\uddee\ud835\uddff\ud835\uddf8 zeigt wie es geht. Schon lange verfolgt D\u00e4nemark eine knallharte \ud835\uddd4\ud835\ude00\ud835\ude06\ud835\uddf9\ud835\uddfd\ud835\uddfc\ud835\uddf9\ud835\uddf6\ud835\ude01\ud835\uddf6\ud835\uddf8. Man soll sich wundern, vorangetrieben von den Sozialdemokraten. Diese sind nat\u00fcrlich mit dem von \ud835\uddd8\ud835\ude00\ud835\uddf8\ud835\uddf2\ud835\uddfb gef\u00fchrten \ud835\udde6\ud835\udde3\ud835\uddd7-\ud835\udddb\ud835\uddee\ud835\ude02\ud835\uddf3\ud835\uddf2\ud835\uddfb nicht zu vergleichen. Ihre Idee lautet: Menschen erst gar nicht ins Land lassen, sondern die Asylantr\u00e4ge und den eventuell daraus entstehenden Schutzanspruch in ein Drittland au\u00dferhalb &hellip; <a href=\"http:\/\/deutsche-partei-dp.de\/?p=886\" class=\"more-link\"><span class=\"screen-reader-text\">\u201e\ud835\uddd7\ud835\uddee\u0308\ud835\uddfb\ud835\uddf2\ud835\uddfa\ud835\uddee\ud835\uddff\ud835\uddf8, \ud835\uddf8\ud835\uddf2\ud835\uddf6\ud835\uddfb\ud835\uddf2 \ud835\udde5\ud835\uddf2\ud835\ude00\ud835\ude00\ud835\uddfc\ud835\ude02\ud835\uddff\ud835\uddf0\ud835\uddf2\ud835\uddfb \ud835\uddfa\ud835\uddf2\ud835\uddf5\ud835\uddff \ud835\uddf3\ud835\ude02\u0308\ud835\uddff \ud835\uddd4\ud835\ude00\ud835\ude06\ud835\uddf9\ud835\uddef\ud835\uddf2\ud835\ude04\ud835\uddf2\ud835\uddff\ud835\uddef\ud835\uddf2\ud835\uddff.\u201c<\/span> weiterlesen<\/a><\/p>\n","protected":false},"author":2,"featured_media":0,"comment_status":"closed","ping_status":"closed","sticky":false,"template":"","format":"standard","meta":{"_editorskit_title_hidden":false,"_editorskit_reading_time":0,"_editorskit_is_block_options_detached":false,"_editorskit_block_options_position":"{}"},"categories":[301,300],"tags":[708,707,706,710,709],"_links":{"self":[{"href":"http:\/\/deutsche-partei-dp.de\/index.php?rest_route=\/wp\/v2\/posts\/886"}],"collection":[{"href":"http:\/\/deutsche-partei-dp.de\/index.php?rest_route=\/wp\/v2\/posts"}],"about":[{"href":"http:\/\/deutsche-partei-dp.de\/index.php?rest_route=\/wp\/v2\/types\/post"}],"author":[{"embeddable":true,"href":"http:\/\/deutsche-partei-dp.de\/index.php?rest_route=\/wp\/v2\/users\/2"}],"replies":[{"embeddable":true,"href":"http:\/\/deutsche-partei-dp.de\/index.php?rest_route=%2Fwp%2Fv2%2Fcomments&post=886"}],"version-history":[{"count":2,"href":"http:\/\/deutsche-partei-dp.de\/index.php?rest_route=\/wp\/v2\/posts\/886\/revisions"}],"predecessor-version":[{"id":961,"href":"http:\/\/deutsche-partei-dp.de\/index.php?rest_route=\/wp\/v2\/posts\/886\/revisions\/961"}],"wp:attachment":[{"href":"http:\/\/deutsche-partei-dp.de\/index.php?rest_route=%2Fwp%2Fv2%2Fmedia&parent=886"}],"wp:term":[{"taxonomy":"category","embeddable":true,"href":"http:\/\/deutsche-partei-dp.de\/index.php?rest_route=%2Fwp%2Fv2%2Fcategories&post=886"},{"taxonomy":"post_tag","embeddable":true,"href":"http:\/\/deutsche-partei-dp.de\/index.php?rest_route=%2Fwp%2Fv2%2Ftags&post=886"}],"curies":[{"name":"wp","href":"https:\/\/api.w.org\/{rel}","templated":true}]}}