{"id":879,"date":"2021-05-21T11:10:01","date_gmt":"2021-05-21T09:10:01","guid":{"rendered":"http:\/\/deutsche-partei-dp.de\/?p=879"},"modified":"2021-12-27T12:55:16","modified_gmt":"2021-12-27T11:55:16","slug":"covid-impf-katze","status":"publish","type":"post","link":"http:\/\/deutsche-partei-dp.de\/?p=879","title":{"rendered":"CoViD-Impf-Katze"},"content":{"rendered":"<p style=\"text-align: justify;\">\u201eNun ist die CoViD-Impf-Katze aus dem Sack gelassen worden \u2013 Auffrischungs-(Dauer-)Impfung gegen CoViD ist laut der St\u00e4ndigen Impfkommission (Stiko) angesagt.<\/p>\n<p style=\"text-align: justify;\">Dr. Anthony Fauci, Leiter des National Institute of Allergy and Infectious Diseases (NIAID) und ehemaliger Fachberater von US-Ex-Pr\u00e4sident Trump \u00e4u\u00dferte \u00a0schon Mitte 2020 (damals medial unbeachtet!), dass der CoViD-Impfstoff \u00a0zu einer j\u00e4hrlichen Impfung f\u00fchren muss.<\/p>\n<p style=\"text-align: justify;\">Und dem aufmerksamen Leser der HAZ (Hannoversche Allgemeine Zeitung) vom 17.04.2021, Seite 4, d\u00fcrfte nicht entgangen sein die Einsch\u00e4tzung von Pfizer-Chef Albert Bouria, \u201ek\u00f6nnte \u2026eine dritte Spritze als Auffrischung und anschlie\u00dfend eine j\u00e4hrliche Impfung notwendig werden\u201c (Zitat nach HAZ!).<\/p>\n<p style=\"text-align: justify;\">Aus (politisch bezeichnetem!) Impf-Angebot wird nun durch die Hintert\u00fcre eine dauerhafte als \u201efreiwillige\u201c (siehe Auf- und Erkl\u00e4rungsb\u00f6gen zur CoViD-Impfung) Impf-Pflicht mit international anerkanntem EU-Impf-Pass eingef\u00fchrt, ansonsten gesellschaftlich-kollektive \u00c4chtung und Ausgrenzung durch (politisch gewollte) staatlich gelenkte und verordnete \u201eFreiheitsberaubung\u201c.<\/p>\n<p>Ein dauerhaft gesichertes und gewinntr\u00e4chtiges Milliarden-Gesch\u00e4ft f\u00fcr die CoViD-Impfstoff-Hersteller und deren Protagonisten.\u201c<\/p>\n<p>Hans Steding<\/p>\n","protected":false},"excerpt":{"rendered":"<p>\u201eNun ist die CoViD-Impf-Katze aus dem Sack gelassen worden \u2013 Auffrischungs-(Dauer-)Impfung gegen CoViD ist laut der St\u00e4ndigen Impfkommission (Stiko) angesagt. Dr. Anthony Fauci, Leiter des National Institute of Allergy and Infectious Diseases (NIAID) und ehemaliger Fachberater von US-Ex-Pr\u00e4sident Trump \u00e4u\u00dferte \u00a0schon Mitte 2020 (damals medial unbeachtet!), dass der CoViD-Impfstoff \u00a0zu einer j\u00e4hrlichen Impfung f\u00fchren muss. &hellip; <a href=\"http:\/\/deutsche-partei-dp.de\/?p=879\" class=\"more-link\"><span class=\"screen-reader-text\">\u201eCoViD-Impf-Katze\u201c<\/span> weiterlesen<\/a><\/p>\n","protected":false},"author":2,"featured_media":0,"comment_status":"closed","ping_status":"closed","sticky":false,"template":"","format":"standard","meta":{"_editorskit_title_hidden":false,"_editorskit_reading_time":0,"_editorskit_is_block_options_detached":false,"_editorskit_block_options_position":"{}"},"categories":[790],"tags":[703,701,702,700,705,704,699],"_links":{"self":[{"href":"http:\/\/deutsche-partei-dp.de\/index.php?rest_route=\/wp\/v2\/posts\/879"}],"collection":[{"href":"http:\/\/deutsche-partei-dp.de\/index.php?rest_route=\/wp\/v2\/posts"}],"about":[{"href":"http:\/\/deutsche-partei-dp.de\/index.php?rest_route=\/wp\/v2\/types\/post"}],"author":[{"embeddable":true,"href":"http:\/\/deutsche-partei-dp.de\/index.php?rest_route=\/wp\/v2\/users\/2"}],"replies":[{"embeddable":true,"href":"http:\/\/deutsche-partei-dp.de\/index.php?rest_route=%2Fwp%2Fv2%2Fcomments&post=879"}],"version-history":[{"count":1,"href":"http:\/\/deutsche-partei-dp.de\/index.php?rest_route=\/wp\/v2\/posts\/879\/revisions"}],"predecessor-version":[{"id":880,"href":"http:\/\/deutsche-partei-dp.de\/index.php?rest_route=\/wp\/v2\/posts\/879\/revisions\/880"}],"wp:attachment":[{"href":"http:\/\/deutsche-partei-dp.de\/index.php?rest_route=%2Fwp%2Fv2%2Fmedia&parent=879"}],"wp:term":[{"taxonomy":"category","embeddable":true,"href":"http:\/\/deutsche-partei-dp.de\/index.php?rest_route=%2Fwp%2Fv2%2Fcategories&post=879"},{"taxonomy":"post_tag","embeddable":true,"href":"http:\/\/deutsche-partei-dp.de\/index.php?rest_route=%2Fwp%2Fv2%2Ftags&post=879"}],"curies":[{"name":"wp","href":"https:\/\/api.w.org\/{rel}","templated":true}]}}