{"id":794,"date":"2021-02-02T18:08:34","date_gmt":"2021-02-02T17:08:34","guid":{"rendered":"http:\/\/deutsche-partei-dp.de\/?p=794"},"modified":"2022-01-10T20:27:45","modified_gmt":"2022-01-10T19:27:45","slug":"die-grosse-transformation","status":"publish","type":"post","link":"http:\/\/deutsche-partei-dp.de\/?p=794","title":{"rendered":"Die gro\u00dfe Transformation"},"content":{"rendered":"<p>Die gro\u00dfe Transformation (the great reset)<\/p>\n<p style=\"text-align: justify;\">\u201eNach der Pandemie wird nichts wie vorher sein\u201c, wu\u00dfte Angela Merkel bereits im letzten Jahr beim Beginn des Lock Downs. Ursula von der Leyen t\u00f6nte aus Br\u00fcssel vom Reset und aus dem Hintergrund lie\u00df der Gr\u00fcnder des World Economic Forums (WEF) Klaus Schwab uns wissen: \u201eViele von uns machen sich Gedanken dar\u00fcber, wann sich die Dinge wieder normalisieren werden.\u201c Seine Antwort lautet: \u201eNie!\u201c<\/p>\n<p>Das Corona Virus ist offensichtlich das Trojanische Pferd, um \u00fcber den Lock Down die Wirtschaft in die Knie zu zwingen, damit die Welt \u00fcber die gro\u00dfe Transformation neu gestaltet werden kann.<\/p>\n<p style=\"text-align: justify;\">Der Milit\u00e4risch- Industrielle Komplex und die politische Klasse sind sich dar\u00fcber einig, da\u00df die Welt neu gestaltet werden mu\u00df.<\/p>\n<p style=\"text-align: justify;\">Angela Merkel hatte nie die Absicht &#8211; entgegen ihres Eides &#8211; dem deutschen Volk zu dienen und Deutschland im Sinne ihres Auftrages f\u00fcr die Zukunft zu gestalten. Als zuverl\u00e4ssige Anh\u00e4ngerin des\u00a0 SED Kaders kann sie kaum von einem Tag auf den anderen eine \u00fcberzeugte Demokratin geworden sein. Merkel f\u00e4hrt voll auf der Spur der\u00a0 Gr\u00fcnen-Linken und Merkel-Neu-CDU, die Umverteilungen und Umgestaltung der Gesellschaft und eine neue Weltordnung wollen.<\/p>\n<p style=\"text-align: justify;\">Das Vehikel f\u00fcr den Machterhalt dieser Koalition ist: Masseneinwanderung, dadurch Mehrheitsbeschaffung bei Wahlen (wie in den USA), Sprach- und Denkverbote, das permanente Sch\u00fcren von \u00c4ngsten, wie Klima-Flut- und sonstige Katastrophen; Ausgrenzung, Bedrohung und gegebenenfalls Ruinierung Andersdenkender.<\/p>\n<p style=\"text-align: justify;\">Die Bev\u00f6lkerung Afrikas vermehrt sich dramatisch, uns werden st\u00e4ndig mitleiderregende Bilder hungernder Kinder gezeigt, wobei durch die Spendenbereitschaft die Geburtenkatastrophe in Afrika weiter angeheizt\u00a0 wird. Seit Jahrzehnten werden Milliarden in die Entwicklungshilfe gepumpt, die Wirkung bleibt gering, weil die dort regierenden Clans sich die Hilfsgelder unter den Nagel rei\u00dfen. Hier wird der Hebel aber nicht angesetzt, auch hier hei\u00dft es: \u201eweiter so\u201c.<\/p>\n<p style=\"text-align: justify;\">Spekulanten, Gro\u00dfkonzerne, Politiker und Ideologen wollen den Reset, d.h. alle G\u00fcter sollen \u201egerechter\u201c weltumspannend verteilt werden:<\/p>\n<p style=\"text-align: justify;\">Weil wir mit unseren Abgasen die Welt verschmutzen, werden entsprech-ende Steuern erhoben (CO2-Steuer z.B.) mit dem Geld sollen die Entwick-lungsl\u00e4nder entsch\u00e4digt werden.<\/p>\n<p style=\"text-align: justify;\">Die deutsche Automobil-Industrie wird durch die erzwungene E-Mobilit\u00e4t erdrosselt und wandert, wie auch andere Industriebetriebe, in Billiglohn-l\u00e4nder ab. Die Stromkosten sind nicht mehr bezahlbar und die \u00fcberbordende B\u00fcrokratie bindet zuviel Personal und verursacht enorme Kosten, das macht unsere Industrie weniger wettbewerbsf\u00e4hig.<\/p>\n<p style=\"text-align: justify;\">Wir m\u00fcssen solidarisch gegen\u00fcber den Entwicklungsl\u00e4ndern sein und mehr abgeben, so hei\u00dft es. Das hei\u00dft immer h\u00f6here Abgaben, bei gleichzeitig schlechteren Arbeitsbedingungen und geringeren L\u00f6hnen.<\/p>\n<p style=\"text-align: justify;\">Wir sollen viel mehr Menschen aus der dritten Welt bei uns aufnehmen, in UNO-Kreisen denkt man da so an die 200 Millionen Zuwanderer, gleich-zeitig sollen wir aus Solidarit\u00e4t auch mehr Abgaben leisten. Wie soll das funktionieren?<\/p>\n<p style=\"text-align: justify;\">Der Gro\u00dfindustrie kann es recht sein billigst in der dritten Welt zu produzieren, den Spekulanten und Shareholdern auch, die Politiker folgen Eigeninteressen und werden von fremdgesteuerten NGOs und den Medien getrieben.<\/p>\n<p style=\"text-align: justify;\">Die Ideologen ticken folgenderma\u00dfen, wie z.B. die EU-Abgeordnete Ida Auken: \u201eWillkommen in unserer Stadt. Ich besitze gar nichts. Ich besitze kein Auto. Ich besitze kein Haus. Ich besitze keine Ger\u00e4te und keine Kleidung. Alle Bewohner haben Zugang zu Transport, Unterkunft, Nahrung und allen anderen Dingen\u201c.<\/p>\n<p>Frage: und wer geht dann noch arbeiten?<\/p>\n<p style=\"text-align: justify;\">Unsere Zukunft ist dann wohl eine Mischung aus Huxleys \u201eSch\u00f6ne Neue Welt\u201c und Orwells \u201e1984\u201c!<\/p>\n<p>Gerd-Uwe Dahlmann<\/p>\n","protected":false},"excerpt":{"rendered":"<p>Die gro\u00dfe Transformation (the great reset) \u201eNach der Pandemie wird nichts wie vorher sein\u201c, wu\u00dfte Angela Merkel bereits im letzten Jahr beim Beginn des Lock Downs. Ursula von der Leyen t\u00f6nte aus Br\u00fcssel vom Reset und aus dem Hintergrund lie\u00df der Gr\u00fcnder des World Economic Forums (WEF) Klaus Schwab uns wissen: \u201eViele von uns machen &hellip; <a href=\"http:\/\/deutsche-partei-dp.de\/?p=794\" class=\"more-link\"><span class=\"screen-reader-text\">\u201eDie gro\u00dfe Transformation\u201c<\/span> weiterlesen<\/a><\/p>\n","protected":false},"author":2,"featured_media":0,"comment_status":"closed","ping_status":"closed","sticky":false,"template":"","format":"standard","meta":{"_editorskit_title_hidden":false,"_editorskit_reading_time":0,"_editorskit_is_block_options_detached":false,"_editorskit_block_options_position":"{}"},"categories":[301,300],"tags":[524,506,605,580,607,602,55,603,604,606,600,601],"_links":{"self":[{"href":"http:\/\/deutsche-partei-dp.de\/index.php?rest_route=\/wp\/v2\/posts\/794"}],"collection":[{"href":"http:\/\/deutsche-partei-dp.de\/index.php?rest_route=\/wp\/v2\/posts"}],"about":[{"href":"http:\/\/deutsche-partei-dp.de\/index.php?rest_route=\/wp\/v2\/types\/post"}],"author":[{"embeddable":true,"href":"http:\/\/deutsche-partei-dp.de\/index.php?rest_route=\/wp\/v2\/users\/2"}],"replies":[{"embeddable":true,"href":"http:\/\/deutsche-partei-dp.de\/index.php?rest_route=%2Fwp%2Fv2%2Fcomments&post=794"}],"version-history":[{"count":3,"href":"http:\/\/deutsche-partei-dp.de\/index.php?rest_route=\/wp\/v2\/posts\/794\/revisions"}],"predecessor-version":[{"id":797,"href":"http:\/\/deutsche-partei-dp.de\/index.php?rest_route=\/wp\/v2\/posts\/794\/revisions\/797"}],"wp:attachment":[{"href":"http:\/\/deutsche-partei-dp.de\/index.php?rest_route=%2Fwp%2Fv2%2Fmedia&parent=794"}],"wp:term":[{"taxonomy":"category","embeddable":true,"href":"http:\/\/deutsche-partei-dp.de\/index.php?rest_route=%2Fwp%2Fv2%2Fcategories&post=794"},{"taxonomy":"post_tag","embeddable":true,"href":"http:\/\/deutsche-partei-dp.de\/index.php?rest_route=%2Fwp%2Fv2%2Ftags&post=794"}],"curies":[{"name":"wp","href":"https:\/\/api.w.org\/{rel}","templated":true}]}}