{"id":737,"date":"2020-05-28T21:17:04","date_gmt":"2020-05-28T19:17:04","guid":{"rendered":"http:\/\/deutsche-partei-dp.de\/?p=737"},"modified":"2022-01-16T12:11:45","modified_gmt":"2022-01-16T11:11:45","slug":"covid-19-3","status":"publish","type":"post","link":"http:\/\/deutsche-partei-dp.de\/?p=737","title":{"rendered":"CoViD 19"},"content":{"rendered":"<p style=\"text-align: justify;\">Fortsetzung<\/p>\n<p style=\"text-align: justify;\">Wer gehofft hat(-te), nach dem 05. Juni 2020 erhebliche und weitergehende Coronavirus-Lockerungsma\u00dfnahmen politischerseits zugebilligt zu bekommen, wurde entt\u00e4uscht.<\/p>\n<p style=\"text-align: justify;\">Angela (I.) die Erste, die vermeintlich erste absolutistische Herrscherin \u00fcber die Bundesrepublik Deutschland und deren L\u00e4nder und Stadtstaaten seit der Gr\u00fcndung der Bundesrepublik im Jahre 1949, machte zwar nicht mehr ausdr\u00fccklich von ihrer Richtlinienkompetenz Gebrauch, lie\u00df aber durch die \u201eCorona-Konferenz\u201c mit den Chefs bzw. Chefinnen der L\u00e4nder und Stadtstaaten die leicht gelockerte (Motto: Zuckerrohr und Peitsche) Kontaktsperre bis 29. Juni 2020 verl\u00e4ngern.<\/p>\n<p style=\"text-align: justify;\">Ziel scheint zu sein, eine kurzzeitige und gegebenenfalls heftige Infektionswelle mit Herdenimmunisierungs-Potential zu verhindern und das Bev\u00f6lkerungs-Knebelungsinstrument \u201eCorona-Virus\u201c weiterhin zeitlich nunmehr \u00fcber die L\u00e4nder- und Stadtstaaten-Schiene (r\u00fcckholbar?!) regional strecken zu lassen. Nur so ist es m\u00f6glich, das Volk langfristig zu kontrollieren, zu g\u00e4ngeln und zu bevormunden.<\/p>\n<p style=\"text-align: justify;\">Fortsetzung folgt bestimmt \u00fcber den Herbst 2020 und den Winter 2020\/2021 mit dem Zauberwort \u201eCoViD 20\/21\u201c bis wohl hin zur n\u00e4chsten Bundestagswahl im Herbst 2021.<\/p>\n<p style=\"text-align: justify;\">Und die \u201eAngela (I.) die Erste\u201c zur Zeit unterst\u00fctzende und lobende, ansonsten als erkannte\u00a0 \u201eVerbote\u201c-Partei von B\u00fcndnis 90\/Die Gr\u00fcnen m\u00f6chte bis dahin ihre Klientel mit einer Senkung des Wahlalters auf 16 Jahre stimmenfangm\u00e4\u00dfig entsprechend begl\u00fcckt sehen.<\/p>\n<p style=\"text-align: justify;\">Vielleicht ist der -nur zur Wahl- gefragte W\u00e4hler bis dahin ja erkenntnisreicher und m\u00fcndiger geworden.<\/p>\n<p style=\"text-align: justify;\">Hier sei an den gro\u00dfen deutschen Philosophen Immanuel Kant erinnert mit seiner kurzgefassten Aussage: \u201eBediene Dich Deines eigenen Verstandes!\u201c<\/p>\n<p style=\"text-align: justify;\">Und: Glauben Sie, was Sie wollen, aber auf keinen Fall das, was Ihnen vom Mainstream erz\u00e4hlt wird!<\/p>\n<p>Hans Steding, 28. Mai 2020<\/p>\n<p>&nbsp;<\/p>\n","protected":false},"excerpt":{"rendered":"<p>Fortsetzung Wer gehofft hat(-te), nach dem 05. Juni 2020 erhebliche und weitergehende Coronavirus-Lockerungsma\u00dfnahmen politischerseits zugebilligt zu bekommen, wurde entt\u00e4uscht. Angela (I.) die Erste, die vermeintlich erste absolutistische Herrscherin \u00fcber die Bundesrepublik Deutschland und deren L\u00e4nder und Stadtstaaten seit der Gr\u00fcndung der Bundesrepublik im Jahre 1949, machte zwar nicht mehr ausdr\u00fccklich von ihrer Richtlinienkompetenz Gebrauch, lie\u00df &hellip; <a href=\"http:\/\/deutsche-partei-dp.de\/?p=737\" class=\"more-link\"><span class=\"screen-reader-text\">\u201eCoViD 19\u201c<\/span> weiterlesen<\/a><\/p>\n","protected":false},"author":2,"featured_media":0,"comment_status":"closed","ping_status":"closed","sticky":false,"template":"","format":"standard","meta":{"_editorskit_title_hidden":false,"_editorskit_reading_time":0,"_editorskit_is_block_options_detached":false,"_editorskit_block_options_position":"{}"},"categories":[1,790],"tags":[527,526,525,528],"_links":{"self":[{"href":"http:\/\/deutsche-partei-dp.de\/index.php?rest_route=\/wp\/v2\/posts\/737"}],"collection":[{"href":"http:\/\/deutsche-partei-dp.de\/index.php?rest_route=\/wp\/v2\/posts"}],"about":[{"href":"http:\/\/deutsche-partei-dp.de\/index.php?rest_route=\/wp\/v2\/types\/post"}],"author":[{"embeddable":true,"href":"http:\/\/deutsche-partei-dp.de\/index.php?rest_route=\/wp\/v2\/users\/2"}],"replies":[{"embeddable":true,"href":"http:\/\/deutsche-partei-dp.de\/index.php?rest_route=%2Fwp%2Fv2%2Fcomments&post=737"}],"version-history":[{"count":2,"href":"http:\/\/deutsche-partei-dp.de\/index.php?rest_route=\/wp\/v2\/posts\/737\/revisions"}],"predecessor-version":[{"id":739,"href":"http:\/\/deutsche-partei-dp.de\/index.php?rest_route=\/wp\/v2\/posts\/737\/revisions\/739"}],"wp:attachment":[{"href":"http:\/\/deutsche-partei-dp.de\/index.php?rest_route=%2Fwp%2Fv2%2Fmedia&parent=737"}],"wp:term":[{"taxonomy":"category","embeddable":true,"href":"http:\/\/deutsche-partei-dp.de\/index.php?rest_route=%2Fwp%2Fv2%2Fcategories&post=737"},{"taxonomy":"post_tag","embeddable":true,"href":"http:\/\/deutsche-partei-dp.de\/index.php?rest_route=%2Fwp%2Fv2%2Ftags&post=737"}],"curies":[{"name":"wp","href":"https:\/\/api.w.org\/{rel}","templated":true}]}}