{"id":702,"date":"2019-12-28T10:10:27","date_gmt":"2019-12-28T09:10:27","guid":{"rendered":"http:\/\/deutsche-partei-dp.de\/?p=702"},"modified":"2022-01-16T12:17:36","modified_gmt":"2022-01-16T11:17:36","slug":"co2-steuer","status":"publish","type":"post","link":"http:\/\/deutsche-partei-dp.de\/?p=702","title":{"rendered":"CO2-Steuer"},"content":{"rendered":"<p>Klimaabgabe CO2-Steuer<\/p>\n<p style=\"text-align: justify;\">Mit atemberaubender Geschwindigkeit (sic!) wurde im November und Dezember 2019 das Klimaabgaben-Paket \u201eCO2-Steuer\u201c mehrheitlich durch den Bundestag, den Vermittlungsausschuss und den Bundesrat gepeitscht.<\/p>\n<p style=\"text-align: justify;\">Die ab dem Jahr 2021 politisch willk\u00fcrlich festgesetzten und auferlegten CO2-Abgabelasten werden von der Industrie, dem Handel und Gewerbe -mit aufwandsangemessenen und gewinnbringenden Aufschl\u00e4gen!- an den dann so doppelt gebeutelten und ausgenommenen Endverbraucher weitergeleitet, der es letztendlich schmerzhaft im Geldbeutel merkt.<\/p>\n<p style=\"text-align: justify;\">Die auf die durchgereichten Mehrkosten entfallende zus\u00e4tzliche Mehrwertsteuer erfreut dann allerdings die Finanzminister des Bundes und der L\u00e4nder und die Finanzverantwortlichen in den Gemeinden\u00a0 (Mehrwertsteuer-Verteilschl\u00fcssel z.Zt.: 53,9% Bund, 44,1% L\u00e4nder, 2% Gemeinden).<\/p>\n<p style=\"text-align: justify;\">Und die politisch zugesagten hervorgehobenen Entlastungen f\u00fcr den Endverbraucher -verlogen und unrealistisch!- entpuppen sich unter dem Strich nur als \u201eSch\u00f6nf\u00e4rberei\u201c und \u201eVolksverdummung\u201c. Ist es unter diesen Vorzeichen also zul\u00e4ssig, die im Bund und in den L\u00e4ndern t\u00e4tigen \u201eBerufspolitiker\u201c mehrheitlich als \u201eVolkstreter\u201c zu bezeichnen?<\/p>\n<p style=\"text-align: justify;\">Was ist aber, wenn in 10 \u2013 15 Jahren oder fr\u00fcher festgestellt wird, da\u00df der Klimahype oder das \u201ezur Religion hochstilisierte Klima\u201c nur ein Irrglaube war?<\/p>\n<p style=\"text-align: justify;\">Der Verhaltensforscher Konrad Zacharias Lorenz (Wien) beschrieb 1971 in seinem Buch \u201eSozialtheorie und soziale Praxis\u201c im Hinblick auf (linke) Ideologisierung (Seite 328) die Situation wie folgt:<\/p>\n<p style=\"text-align: justify;\"><em>\u201eWirklich satanisch wirkt sich die Indoktrinierung erst dann aus, wenn sie ganz gro\u00dfe Menschenmengen, ganze Kontinente, ja vielleicht sogar die ganze Menschheit in einem einzigen b\u00f6sen Irrglauben vereinigt. Eben diese Gefahr droht uns jetzt.\u201c<\/em><\/p>\n<p>Hans Steding<\/p>\n","protected":false},"excerpt":{"rendered":"<p>Klimaabgabe CO2-Steuer Mit atemberaubender Geschwindigkeit (sic!) wurde im November und Dezember 2019 das Klimaabgaben-Paket \u201eCO2-Steuer\u201c mehrheitlich durch den Bundestag, den Vermittlungsausschuss und den Bundesrat gepeitscht. Die ab dem Jahr 2021 politisch willk\u00fcrlich festgesetzten und auferlegten CO2-Abgabelasten werden von der Industrie, dem Handel und Gewerbe -mit aufwandsangemessenen und gewinnbringenden Aufschl\u00e4gen!- an den dann so doppelt gebeutelten &hellip; <a href=\"http:\/\/deutsche-partei-dp.de\/?p=702\" class=\"more-link\"><span class=\"screen-reader-text\">\u201eCO2-Steuer\u201c<\/span> weiterlesen<\/a><\/p>\n","protected":false},"author":2,"featured_media":0,"comment_status":"closed","ping_status":"closed","sticky":false,"template":"","format":"standard","meta":{"_editorskit_title_hidden":false,"_editorskit_reading_time":0,"_editorskit_is_block_options_detached":false,"_editorskit_block_options_position":"{}"},"categories":[301,632,303],"tags":[479,480,481],"_links":{"self":[{"href":"http:\/\/deutsche-partei-dp.de\/index.php?rest_route=\/wp\/v2\/posts\/702"}],"collection":[{"href":"http:\/\/deutsche-partei-dp.de\/index.php?rest_route=\/wp\/v2\/posts"}],"about":[{"href":"http:\/\/deutsche-partei-dp.de\/index.php?rest_route=\/wp\/v2\/types\/post"}],"author":[{"embeddable":true,"href":"http:\/\/deutsche-partei-dp.de\/index.php?rest_route=\/wp\/v2\/users\/2"}],"replies":[{"embeddable":true,"href":"http:\/\/deutsche-partei-dp.de\/index.php?rest_route=%2Fwp%2Fv2%2Fcomments&post=702"}],"version-history":[{"count":2,"href":"http:\/\/deutsche-partei-dp.de\/index.php?rest_route=\/wp\/v2\/posts\/702\/revisions"}],"predecessor-version":[{"id":704,"href":"http:\/\/deutsche-partei-dp.de\/index.php?rest_route=\/wp\/v2\/posts\/702\/revisions\/704"}],"wp:attachment":[{"href":"http:\/\/deutsche-partei-dp.de\/index.php?rest_route=%2Fwp%2Fv2%2Fmedia&parent=702"}],"wp:term":[{"taxonomy":"category","embeddable":true,"href":"http:\/\/deutsche-partei-dp.de\/index.php?rest_route=%2Fwp%2Fv2%2Fcategories&post=702"},{"taxonomy":"post_tag","embeddable":true,"href":"http:\/\/deutsche-partei-dp.de\/index.php?rest_route=%2Fwp%2Fv2%2Ftags&post=702"}],"curies":[{"name":"wp","href":"https:\/\/api.w.org\/{rel}","templated":true}]}}