{"id":700,"date":"2019-12-26T11:06:58","date_gmt":"2019-12-26T10:06:58","guid":{"rendered":"http:\/\/deutsche-partei-dp.de\/?p=700"},"modified":"2022-01-16T12:18:07","modified_gmt":"2022-01-16T11:18:07","slug":"spd-stellt-grundgesetz-infrage","status":"publish","type":"post","link":"http:\/\/deutsche-partei-dp.de\/?p=700","title":{"rendered":"SPD stellt Grundgesetz infrage!"},"content":{"rendered":"<p>Neue Schulden? SPD stellt Grundgesetz infrage!<\/p>\n<p>Es gab zwischen 1969 und 1974 eine sozial-liberale Bundesregierungskoalition aus SPD und FDP.<\/p>\n<p style=\"text-align: justify;\">Deren Vertreter, Willi Brandt, SPD, und Walter Scheel, FDP, verfolgten hochtrabende sozialistisch-liberale Projekte, zu deren Finanzierung sie den \u201eJulius-Turm\u201c, die damalige staatliche Geldreserve \u201epl\u00fcnderten\u201c und nach dem Versiegen dieses Geldtopfes mit der Schuldenwirtschaft begannen. Argument war damals, wir machen das f\u00fcr die zuk\u00fcnftigen Generationen, die die Schulden dann aufgrund ihrer F\u00e4higkeiten und der gelegten finanziellen Basis und M\u00f6glichkeiten gut und leicht zur\u00fcckzahlen k\u00f6nnen.<\/p>\n<p style=\"text-align: justify;\">Kritiker und Satiriker dieser Finanzwirtschaft bezeichneten damals die SPD mit \u201eSozialisten pl\u00fcndern Deutschland\u201c und die FDP mit \u201eFreunde decken Pl\u00fcnderer\u201c.<\/p>\n<p style=\"text-align: justify;\">Die neuen SPD-Vorsitzenden Walter Borjans und Esken m\u00f6chten -wie erkl\u00e4rt- wohl in die Fu\u00dfstapfen von Willi Brandt treten und das Grundgesetz mi\u00dfachtend in die Zukunft investieren.<\/p>\n<p>Dann armes Deutschland, arme Steuerzahler und sonstwie Ausgebeutete!<\/p>\n<p>Hans Steding\u201c<\/p>\n","protected":false},"excerpt":{"rendered":"<p>Neue Schulden? SPD stellt Grundgesetz infrage! Es gab zwischen 1969 und 1974 eine sozial-liberale Bundesregierungskoalition aus SPD und FDP. Deren Vertreter, Willi Brandt, SPD, und Walter Scheel, FDP, verfolgten hochtrabende sozialistisch-liberale Projekte, zu deren Finanzierung sie den \u201eJulius-Turm\u201c, die damalige staatliche Geldreserve \u201epl\u00fcnderten\u201c und nach dem Versiegen dieses Geldtopfes mit der Schuldenwirtschaft begannen. Argument war &hellip; <a href=\"http:\/\/deutsche-partei-dp.de\/?p=700\" class=\"more-link\"><span class=\"screen-reader-text\">\u201eSPD stellt Grundgesetz infrage!\u201c<\/span> weiterlesen<\/a><\/p>\n","protected":false},"author":2,"featured_media":0,"comment_status":"closed","ping_status":"closed","sticky":false,"template":"","format":"standard","meta":{"_editorskit_title_hidden":false,"_editorskit_reading_time":0,"_editorskit_is_block_options_detached":false,"_editorskit_block_options_position":"{}"},"categories":[301,300],"tags":[476,474,8,475,478,477],"_links":{"self":[{"href":"http:\/\/deutsche-partei-dp.de\/index.php?rest_route=\/wp\/v2\/posts\/700"}],"collection":[{"href":"http:\/\/deutsche-partei-dp.de\/index.php?rest_route=\/wp\/v2\/posts"}],"about":[{"href":"http:\/\/deutsche-partei-dp.de\/index.php?rest_route=\/wp\/v2\/types\/post"}],"author":[{"embeddable":true,"href":"http:\/\/deutsche-partei-dp.de\/index.php?rest_route=\/wp\/v2\/users\/2"}],"replies":[{"embeddable":true,"href":"http:\/\/deutsche-partei-dp.de\/index.php?rest_route=%2Fwp%2Fv2%2Fcomments&post=700"}],"version-history":[{"count":1,"href":"http:\/\/deutsche-partei-dp.de\/index.php?rest_route=\/wp\/v2\/posts\/700\/revisions"}],"predecessor-version":[{"id":701,"href":"http:\/\/deutsche-partei-dp.de\/index.php?rest_route=\/wp\/v2\/posts\/700\/revisions\/701"}],"wp:attachment":[{"href":"http:\/\/deutsche-partei-dp.de\/index.php?rest_route=%2Fwp%2Fv2%2Fmedia&parent=700"}],"wp:term":[{"taxonomy":"category","embeddable":true,"href":"http:\/\/deutsche-partei-dp.de\/index.php?rest_route=%2Fwp%2Fv2%2Fcategories&post=700"},{"taxonomy":"post_tag","embeddable":true,"href":"http:\/\/deutsche-partei-dp.de\/index.php?rest_route=%2Fwp%2Fv2%2Ftags&post=700"}],"curies":[{"name":"wp","href":"https:\/\/api.w.org\/{rel}","templated":true}]}}