{"id":697,"date":"2019-12-12T19:37:07","date_gmt":"2019-12-12T18:37:07","guid":{"rendered":"http:\/\/deutsche-partei-dp.de\/?p=697"},"modified":"2022-01-16T12:18:46","modified_gmt":"2022-01-16T11:18:46","slug":"klima-3","status":"publish","type":"post","link":"http:\/\/deutsche-partei-dp.de\/?p=697","title":{"rendered":"Klima"},"content":{"rendered":"<p>Klima-Wahn und Weltuntergang<\/p>\n<p>Ich m\u00f6chte hier ein Erlebnis schilden, da\u00df ich vor einigen Tagen hatte.<\/p>\n<p style=\"text-align: justify;\">Ich sa\u00df mit einigen Bekannten, alles \u00c4rzte oder Lehrer zusammen. Unter ihnen ein junger\u00a0 sehr begabter Arzt, der sich anschickte zu habilitieren. Als ihn nun einer der Anwesenden fragte wie es um seine Arbeit st\u00fcnde, antwortete er resignierend, da\u00df er sich \u00fcberlege \u00fcberhaupt weiterzumachen. Auf meine Frage warum er nicht seine\u00a0 Arbeit beenden will, antwortete er \u201eda\u00df es doch keinen Zweck habe, wegen des Klimawandels und da\u00df der Weltuntergang bevorstehe\u201c. Ich fragte ihn, ob er diesen CO2 Unsinn denn glaube und er bejate. Es gab daraufhin einen kurzen Wortwechsel, bis dann eine Lehrerin das Gespr\u00e4ch beendete und auf ein anderes Thema ablenkte. Mit Ausnahme einer \u00a0\u00c4rztin, waren alle anderen Anwesenden der Meinung, da\u00df der Klimawandel menschen-gemacht ist. Ich war ersch\u00fcttert! Das Schlimme daran war f\u00fcr mich, da\u00df von den Leuten und das waren alle, mit Ausnahme der vorgenannten \u00c4rztin, keiner wu\u00dfte wie hoch der CO2- Anteil in der Luft ist. Der junge Arzt meinte ein paar Prozent, aber er und die anderen waren nicht bereit mir weiter zuzuh\u00f6ren, man berief sich auf \u00fcberw\u00e4ltigen Erkenntnisse der Wissenschaftler.<\/p>\n<p style=\"text-align: justify;\">Die Medien und der Politbetrieb haben die Bev\u00f6lkerung in eine Klimahysterie getrieben, keiner denkt mehr nach und hinterfragt wenigstens die Plausibilit\u00e4t dieses CO2-Wahns. Niemand scheint sich mehr daran zu erinnern, da\u00df vor 30 Jahren die Wissenschaft uns eine bevorstehende Eiszeit voraussagte. Eine Diskussion mit sog. Klimaleugnern findet nicht statt, diese werden stattdessen ausgegrenzt und l\u00e4cherlich gemacht.<\/p>\n<p>Junge M\u00e4nner stecken den Kopf in den Sand und junge Frauen lassen sich sterilisieren, um keine Kinder zu bekommen.<\/p>\n<p>Ein Volk wird in den Wahnsinn getrieben! Wie kann man es heilen?<\/p>\n<p>(Gerd-Uwe Dahlmann)<\/p>\n","protected":false},"excerpt":{"rendered":"<p>Klima-Wahn und Weltuntergang Ich m\u00f6chte hier ein Erlebnis schilden, da\u00df ich vor einigen Tagen hatte. Ich sa\u00df mit einigen Bekannten, alles \u00c4rzte oder Lehrer zusammen. Unter ihnen ein junger\u00a0 sehr begabter Arzt, der sich anschickte zu habilitieren. Als ihn nun einer der Anwesenden fragte wie es um seine Arbeit st\u00fcnde, antwortete er resignierend, da\u00df er &hellip; <a href=\"http:\/\/deutsche-partei-dp.de\/?p=697\" class=\"more-link\"><span class=\"screen-reader-text\">\u201eKlima\u201c<\/span> weiterlesen<\/a><\/p>\n","protected":false},"author":2,"featured_media":0,"comment_status":"closed","ping_status":"closed","sticky":false,"template":"","format":"standard","meta":{"_editorskit_title_hidden":false,"_editorskit_reading_time":0,"_editorskit_is_block_options_detached":false,"_editorskit_block_options_position":"{}"},"categories":[301,632,303],"tags":[355,473,282,472,338],"_links":{"self":[{"href":"http:\/\/deutsche-partei-dp.de\/index.php?rest_route=\/wp\/v2\/posts\/697"}],"collection":[{"href":"http:\/\/deutsche-partei-dp.de\/index.php?rest_route=\/wp\/v2\/posts"}],"about":[{"href":"http:\/\/deutsche-partei-dp.de\/index.php?rest_route=\/wp\/v2\/types\/post"}],"author":[{"embeddable":true,"href":"http:\/\/deutsche-partei-dp.de\/index.php?rest_route=\/wp\/v2\/users\/2"}],"replies":[{"embeddable":true,"href":"http:\/\/deutsche-partei-dp.de\/index.php?rest_route=%2Fwp%2Fv2%2Fcomments&post=697"}],"version-history":[{"count":1,"href":"http:\/\/deutsche-partei-dp.de\/index.php?rest_route=\/wp\/v2\/posts\/697\/revisions"}],"predecessor-version":[{"id":698,"href":"http:\/\/deutsche-partei-dp.de\/index.php?rest_route=\/wp\/v2\/posts\/697\/revisions\/698"}],"wp:attachment":[{"href":"http:\/\/deutsche-partei-dp.de\/index.php?rest_route=%2Fwp%2Fv2%2Fmedia&parent=697"}],"wp:term":[{"taxonomy":"category","embeddable":true,"href":"http:\/\/deutsche-partei-dp.de\/index.php?rest_route=%2Fwp%2Fv2%2Fcategories&post=697"},{"taxonomy":"post_tag","embeddable":true,"href":"http:\/\/deutsche-partei-dp.de\/index.php?rest_route=%2Fwp%2Fv2%2Ftags&post=697"}],"curies":[{"name":"wp","href":"https:\/\/api.w.org\/{rel}","templated":true}]}}