{"id":687,"date":"2019-10-22T18:52:22","date_gmt":"2019-10-22T16:52:22","guid":{"rendered":"http:\/\/deutsche-partei-dp.de\/?p=687"},"modified":"2022-01-16T12:20:56","modified_gmt":"2022-01-16T11:20:56","slug":"halle-reflexion","status":"publish","type":"post","link":"http:\/\/deutsche-partei-dp.de\/?p=687","title":{"rendered":"Halle \u2013 Reflexion"},"content":{"rendered":"<p style=\"text-align: justify;\">Und dann pilgerten sie alle wieder, die Betroffenheits-Vertreter aus Politik, Kirchen und Gesellschaft mit \u00fcblichem Gefolge, \u00a0diesmal zur St\u00e4tte des Unheils nach Halle\/ S.-A., \u00a0\u00a0um kollektiv Scham und Schande erneut Ausdruck zu verleihen und den bekannten Schuldkult zu pflegen.<\/p>\n<p style=\"text-align: justify;\">Aber wo waren diese\u00a0 Betroffenheits-Vertreter, als \u201eMerkel-G\u00e4ste\u201c in K\u00f6ln, Freiburg, Bonn, Kandel oder beim Berliner Weihnachtsmarkt Unheil anrichteten?<\/p>\n<p style=\"text-align: justify;\">Bei den dortigen Solidarit\u00e4tskundgebungen, nat\u00fcrlich von \u00a0-politisch korrekt ausgedr\u00fcckt und medial wiedergegeben- Rechtsgerichteten initiiert und ausgef\u00fchrt, lie\u00df sich nach meiner Erinnerung keiner der Betroffenheits-Vertreter zeitnah blicken.<\/p>\n<p style=\"text-align: justify;\">Hans Steding<\/p>\n<p style=\"text-align: justify;\">Es ist vielleicht eine Woche her, als ein bewaffneter \u201eIslamist\u201c versuchte gewaltsam in eine Berliner Synagoge ein zu dringen um dort Menschen anzugreifen. Zum Gl\u00fcck konnte die Polizei ihn \u00fcberw\u00e4ltigen und schlimmes verhindern.\u00a0\u00a0\u00a0\u00a0\u00a0\u00a0\u00a0\u00a0\u00a0\u00a0\u00a0\u00a0\u00a0\u00a0\u00a0\u00a0\u00a0\u00a0\u00a0\u00a0\u00a0\u00a0\u00a0\u00a0\u00a0\u00a0\u00a0\u00a0\u00a0\u00a0\u00a0\u00a0\u00a0\u00a0\u00a0\u00a0\u00a0\u00a0\u00a0\u00a0\u00a0\u00a0\u00a0\u00a0\u00a0\u00a0\u00a0\u00a0\u00a0\u00a0\u00a0\u00a0\u00a0\u00a0\u00a0\u00a0\u00a0\u00a0\u00a0\u00a0\u00a0\u00a0\u00a0\u00a0\u00a0\u00a0\u00a0\u00a0\u00a0\u00a0\u00a0\u00a0\u00a0\u00a0\u00a0\u00a0\u00a0\u00a0\u00a0\u00a0\u00a0\u00a0\u00a0\u00a0\u00a0\u00a0\u00a0\u00a0\u00a0\u00a0\u00a0\u00a0\u00a0\u00a0\u00a0\u00a0\u00a0\u00a0\u00a0\u00a0\u00a0\u00a0\u00a0\u00a0\u00a0\u00a0\u00a0\u00a0\u00a0\u00a0\u00a0\u00a0\u00a0\u00a0\u00a0\u00a0\u00a0\u00a0\u00a0\u00a0\u00a0\u00a0\u00a0\u00a0\u00a0\u00a0\u00a0\u00a0 Es gab jedoch keine Aufregung, im Gegenteil, der T\u00e4ter ist wieder auf freiem Fu\u00df.\u00a0\u00a0\u00a0\u00a0\u00a0\u00a0\u00a0\u00a0\u00a0\u00a0\u00a0\u00a0\u00a0\u00a0\u00a0\u00a0\u00a0\u00a0\u00a0\u00a0\u00a0\u00a0\u00a0\u00a0\u00a0\u00a0\u00a0\u00a0\u00a0\u00a0\u00a0\u00a0\u00a0\u00a0\u00a0\u00a0\u00a0\u00a0\u00a0\u00a0\u00a0\u00a0\u00a0\u00a0\u00a0\u00a0\u00a0\u00a0\u00a0\u00a0\u00a0\u00a0\u00a0\u00a0\u00a0\u00a0\u00a0\u00a0\u00a0\u00a0\u00a0\u00a0\u00a0\u00a0\u00a0\u00a0\u00a0\u00a0\u00a0\u00a0\u00a0\u00a0\u00a0\u00a0\u00a0\u00a0\u00a0\u00a0\u00a0\u00a0\u00a0\u00a0\u00a0\u00a0\u00a0\u00a0\u00a0\u00a0\u00a0\u00a0\u00a0\u00a0\u00a0\u00a0\u00a0\u00a0\u00a0\u00a0\u00a0\u00a0\u00a0\u00a0\u00a0\u00a0\u00a0\u00a0\u00a0\u00a0\u00a0\u00a0\u00a0\u00a0\u00a0\u00a0\u00a0\u00a0\u00a0\u00a0\u00a0\u00a0\u00a0\u00a0\u00a0\u00a0\u00a0\u00a0\u00a0\u00a0\u00a0\u00a0\u00a0\u00a0\u00a0\u00a0\u00a0\u00a0\u00a0\u00a0\u00a0\u00a0\u00a0\u00a0 Mit welcher Elle wird in diesem Land Recht gemessen und gesprochen. (Anmerkung der Red.)<\/p>\n","protected":false},"excerpt":{"rendered":"<p>Und dann pilgerten sie alle wieder, die Betroffenheits-Vertreter aus Politik, Kirchen und Gesellschaft mit \u00fcblichem Gefolge, \u00a0diesmal zur St\u00e4tte des Unheils nach Halle\/ S.-A., \u00a0\u00a0um kollektiv Scham und Schande erneut Ausdruck zu verleihen und den bekannten Schuldkult zu pflegen. Aber wo waren diese\u00a0 Betroffenheits-Vertreter, als \u201eMerkel-G\u00e4ste\u201c in K\u00f6ln, Freiburg, Bonn, Kandel oder beim Berliner Weihnachtsmarkt &hellip; <a href=\"http:\/\/deutsche-partei-dp.de\/?p=687\" class=\"more-link\"><span class=\"screen-reader-text\">\u201eHalle \u2013 Reflexion\u201c<\/span> weiterlesen<\/a><\/p>\n","protected":false},"author":2,"featured_media":0,"comment_status":"closed","ping_status":"closed","sticky":false,"template":"","format":"standard","meta":{"_editorskit_title_hidden":false,"_editorskit_reading_time":0,"_editorskit_is_block_options_detached":false,"_editorskit_block_options_position":"{}"},"categories":[301,304,300],"tags":[462,459,460,461,458],"_links":{"self":[{"href":"http:\/\/deutsche-partei-dp.de\/index.php?rest_route=\/wp\/v2\/posts\/687"}],"collection":[{"href":"http:\/\/deutsche-partei-dp.de\/index.php?rest_route=\/wp\/v2\/posts"}],"about":[{"href":"http:\/\/deutsche-partei-dp.de\/index.php?rest_route=\/wp\/v2\/types\/post"}],"author":[{"embeddable":true,"href":"http:\/\/deutsche-partei-dp.de\/index.php?rest_route=\/wp\/v2\/users\/2"}],"replies":[{"embeddable":true,"href":"http:\/\/deutsche-partei-dp.de\/index.php?rest_route=%2Fwp%2Fv2%2Fcomments&post=687"}],"version-history":[{"count":1,"href":"http:\/\/deutsche-partei-dp.de\/index.php?rest_route=\/wp\/v2\/posts\/687\/revisions"}],"predecessor-version":[{"id":688,"href":"http:\/\/deutsche-partei-dp.de\/index.php?rest_route=\/wp\/v2\/posts\/687\/revisions\/688"}],"wp:attachment":[{"href":"http:\/\/deutsche-partei-dp.de\/index.php?rest_route=%2Fwp%2Fv2%2Fmedia&parent=687"}],"wp:term":[{"taxonomy":"category","embeddable":true,"href":"http:\/\/deutsche-partei-dp.de\/index.php?rest_route=%2Fwp%2Fv2%2Fcategories&post=687"},{"taxonomy":"post_tag","embeddable":true,"href":"http:\/\/deutsche-partei-dp.de\/index.php?rest_route=%2Fwp%2Fv2%2Ftags&post=687"}],"curies":[{"name":"wp","href":"https:\/\/api.w.org\/{rel}","templated":true}]}}