{"id":661,"date":"2019-07-01T21:04:38","date_gmt":"2019-07-01T19:04:38","guid":{"rendered":"http:\/\/deutsche-partei-dp.de\/?p=661"},"modified":"2022-01-16T12:27:19","modified_gmt":"2022-01-16T11:27:19","slug":"was-wollen-die-gruenen","status":"publish","type":"post","link":"http:\/\/deutsche-partei-dp.de\/?p=661","title":{"rendered":"Was wollen Die Gr\u00fcnen?"},"content":{"rendered":"<p>Was wollen Die Gr\u00fcnen?<\/p>\n<p style=\"text-align: justify;\">Abschaltung der Atomkraftwerke, Abschaltung der Kohlekraftwerke, Abschaltung der \u00d6lkraftwerke, Abschaltung der Gaskraftwerke, Abschaltung aller mit fossilen Brennstoffen betriebenen Kraftwerke!<\/p>\n<p style=\"text-align: justify;\">Wegen der von menschengemachten Klimaerw\u00e4rmung mu\u00df, zum Zweck der Dekarbonisierung, auch die Biokraftstoffgewinnung eingestellt werden, Denn auch die ist nicht CO<sub>2 <\/sub>neutral.<\/p>\n<p style=\"text-align: justify;\">Die Stromversorgung soll ausschlie\u00dflich durch Wind und Sonne geschehen, koste es was es wolle.<\/p>\n<p style=\"text-align: justify;\">Nachts scheint aber keine Sonne und wer liefert den Strom, wenn auch der Wind schlafen geht? Bei totaler Dekarbonisierung gibt es dann auch keine Gas-Reserve-Kraftwerke mehr, die geb\u00fchrenpflichtig vor sich hind\u00f6sen und darauf warten, da\u00df weder Sonne noch Wind die ben\u00f6tigte Energie liefert, um einzuspringen.<\/p>\n<p style=\"text-align: justify;\">Was bleibt also zwingend \u00fcbrig, damit der f\u00fcr die Zukunft stark erh\u00f6hte Energiebedarf gedeckt werden kann?\u00a0 \u00a0Denn die Automobile, ca. 40 Millionen in Deutschland, fahren dann ja auch elektrisch.<\/p>\n<p style=\"text-align: justify;\">Richtig! Atomenergie!<\/p>\n<p style=\"text-align: justify;\">Hat schon einmal jemand danach gefragt wer hinter der CO2 Hysterie steckt und wer sie befeuert?<\/p>\n<p style=\"text-align: justify;\"><strong>Die Atomlobby!<\/strong><\/p>\n<p style=\"text-align: justify;\">Wie die Atomlobby seit 1945 an diesem Projekt gearbeitet hat, k\u00f6nnen sie bei Hanna Thiele (Googeln\u00a0 Sie mal) erfahren. Sie beschreibt ausf\u00fchrlich die Netzwerke der Atomlobby und ihrer Helfer und Helfershelfer. Wie nach 1950 Konrad Adenauer (Bundeskanzler) und Franz-Josef Strau\u00df (Verteidigungsminister) an Atomwaffen herankommen wollten und wie sich ein Kreis von Interessengruppen aus Wissenschaft, Industrie und Klerus gebildet hat, um die Atomtechnologie einzuf\u00fchren. Das Kind, das dieses Konglomerat gebar hie\u00df dann CO<sub>2<\/sub>.<\/p>\n<p style=\"text-align: justify;\">Die Gr\u00fcnen und die Gretas sind die n\u00fctzlichen Idioten der Atomlobby, auch wenn diese zur Zeit und nur in Deutschland tot(?) ist.<\/p>\n<p style=\"text-align: justify;\">Es geht hier nicht, ob Atomkraftwerke sicher und n\u00fctzlich sind oder nicht, sondern um Ursache und Wirkung.<\/p>\n<p style=\"text-align: justify;\">Gerd-Uwe Dahlmann<\/p>\n","protected":false},"excerpt":{"rendered":"<p>Was wollen Die Gr\u00fcnen? Abschaltung der Atomkraftwerke, Abschaltung der Kohlekraftwerke, Abschaltung der \u00d6lkraftwerke, Abschaltung der Gaskraftwerke, Abschaltung aller mit fossilen Brennstoffen betriebenen Kraftwerke! Wegen der von menschengemachten Klimaerw\u00e4rmung mu\u00df, zum Zweck der Dekarbonisierung, auch die Biokraftstoffgewinnung eingestellt werden, Denn auch die ist nicht CO2 neutral. Die Stromversorgung soll ausschlie\u00dflich durch Wind und Sonne geschehen, koste &hellip; <a href=\"http:\/\/deutsche-partei-dp.de\/?p=661\" class=\"more-link\"><span class=\"screen-reader-text\">\u201eWas wollen Die Gr\u00fcnen?\u201c<\/span> weiterlesen<\/a><\/p>\n","protected":false},"author":2,"featured_media":0,"comment_status":"closed","ping_status":"closed","sticky":false,"template":"","format":"standard","meta":{"_editorskit_title_hidden":false,"_editorskit_reading_time":0,"_editorskit_is_block_options_detached":false,"_editorskit_block_options_position":"{}"},"categories":[301,632,303],"tags":[415,414,355,417,419,416,418],"_links":{"self":[{"href":"http:\/\/deutsche-partei-dp.de\/index.php?rest_route=\/wp\/v2\/posts\/661"}],"collection":[{"href":"http:\/\/deutsche-partei-dp.de\/index.php?rest_route=\/wp\/v2\/posts"}],"about":[{"href":"http:\/\/deutsche-partei-dp.de\/index.php?rest_route=\/wp\/v2\/types\/post"}],"author":[{"embeddable":true,"href":"http:\/\/deutsche-partei-dp.de\/index.php?rest_route=\/wp\/v2\/users\/2"}],"replies":[{"embeddable":true,"href":"http:\/\/deutsche-partei-dp.de\/index.php?rest_route=%2Fwp%2Fv2%2Fcomments&post=661"}],"version-history":[{"count":1,"href":"http:\/\/deutsche-partei-dp.de\/index.php?rest_route=\/wp\/v2\/posts\/661\/revisions"}],"predecessor-version":[{"id":662,"href":"http:\/\/deutsche-partei-dp.de\/index.php?rest_route=\/wp\/v2\/posts\/661\/revisions\/662"}],"wp:attachment":[{"href":"http:\/\/deutsche-partei-dp.de\/index.php?rest_route=%2Fwp%2Fv2%2Fmedia&parent=661"}],"wp:term":[{"taxonomy":"category","embeddable":true,"href":"http:\/\/deutsche-partei-dp.de\/index.php?rest_route=%2Fwp%2Fv2%2Fcategories&post=661"},{"taxonomy":"post_tag","embeddable":true,"href":"http:\/\/deutsche-partei-dp.de\/index.php?rest_route=%2Fwp%2Fv2%2Ftags&post=661"}],"curies":[{"name":"wp","href":"https:\/\/api.w.org\/{rel}","templated":true}]}}