{"id":659,"date":"2019-06-24T10:55:09","date_gmt":"2019-06-24T08:55:09","guid":{"rendered":"http:\/\/deutsche-partei-dp.de\/?p=659"},"modified":"2022-01-17T18:08:17","modified_gmt":"2022-01-17T17:08:17","slug":"europaeischer-gerichtshof","status":"publish","type":"post","link":"http:\/\/deutsche-partei-dp.de\/?p=659","title":{"rendered":"Europ\u00e4ischer Gerichtshof"},"content":{"rendered":"<p>\u201eEU-Richter stoppen deutsche Pkw-Maut<\/p>\n<p>Wer \u00fcber Jahre hinweg Urteile des Europ\u00e4ischen Gerichtshofs (EuGH) verfolgt hat, stellt fest, dass mehrheitlich immer nur Deutschland von negativen Entscheidungen betroffen ist.<\/p>\n<p>Entweder sind unsere politischen Entscheidungstr\u00e4ger unf\u00e4hig, Rechtssituationen richtig einzusch\u00e4tzen, oder Deutschland betreffende negative EuGH-Entscheidungen sind ein Teil des gewollten Systems, Deutschland \u201eklein\u201c zu halten.<\/p>\n<p>Bundesinnenminister Seehofer (CSU) hat recht mit der An- und Aussage: \u201eMan mu\u00df Gerichtsurteile akzeptieren, aber man mu\u00df sie nicht verstehen.\u201c<\/p>\n<p>Hans Steding<\/p>\n","protected":false},"excerpt":{"rendered":"<p>\u201eEU-Richter stoppen deutsche Pkw-Maut Wer \u00fcber Jahre hinweg Urteile des Europ\u00e4ischen Gerichtshofs (EuGH) verfolgt hat, stellt fest, dass mehrheitlich immer nur Deutschland von negativen Entscheidungen betroffen ist. Entweder sind unsere politischen Entscheidungstr\u00e4ger unf\u00e4hig, Rechtssituationen richtig einzusch\u00e4tzen, oder Deutschland betreffende negative EuGH-Entscheidungen sind ein Teil des gewollten Systems, Deutschland \u201eklein\u201c zu halten. Bundesinnenminister Seehofer (CSU) hat &hellip; <a href=\"http:\/\/deutsche-partei-dp.de\/?p=659\" class=\"more-link\"><span class=\"screen-reader-text\">\u201eEurop\u00e4ischer Gerichtshof\u201c<\/span> weiterlesen<\/a><\/p>\n","protected":false},"author":2,"featured_media":0,"comment_status":"closed","ping_status":"closed","sticky":false,"template":"","format":"standard","meta":{"_editorskit_title_hidden":false,"_editorskit_reading_time":0,"_editorskit_is_block_options_detached":false,"_editorskit_block_options_position":"{}"},"categories":[300],"tags":[413,412,365],"_links":{"self":[{"href":"http:\/\/deutsche-partei-dp.de\/index.php?rest_route=\/wp\/v2\/posts\/659"}],"collection":[{"href":"http:\/\/deutsche-partei-dp.de\/index.php?rest_route=\/wp\/v2\/posts"}],"about":[{"href":"http:\/\/deutsche-partei-dp.de\/index.php?rest_route=\/wp\/v2\/types\/post"}],"author":[{"embeddable":true,"href":"http:\/\/deutsche-partei-dp.de\/index.php?rest_route=\/wp\/v2\/users\/2"}],"replies":[{"embeddable":true,"href":"http:\/\/deutsche-partei-dp.de\/index.php?rest_route=%2Fwp%2Fv2%2Fcomments&post=659"}],"version-history":[{"count":1,"href":"http:\/\/deutsche-partei-dp.de\/index.php?rest_route=\/wp\/v2\/posts\/659\/revisions"}],"predecessor-version":[{"id":660,"href":"http:\/\/deutsche-partei-dp.de\/index.php?rest_route=\/wp\/v2\/posts\/659\/revisions\/660"}],"wp:attachment":[{"href":"http:\/\/deutsche-partei-dp.de\/index.php?rest_route=%2Fwp%2Fv2%2Fmedia&parent=659"}],"wp:term":[{"taxonomy":"category","embeddable":true,"href":"http:\/\/deutsche-partei-dp.de\/index.php?rest_route=%2Fwp%2Fv2%2Fcategories&post=659"},{"taxonomy":"post_tag","embeddable":true,"href":"http:\/\/deutsche-partei-dp.de\/index.php?rest_route=%2Fwp%2Fv2%2Ftags&post=659"}],"curies":[{"name":"wp","href":"https:\/\/api.w.org\/{rel}","templated":true}]}}