{"id":655,"date":"2019-06-11T18:57:55","date_gmt":"2019-06-11T16:57:55","guid":{"rendered":"http:\/\/deutsche-partei-dp.de\/?p=655"},"modified":"2022-01-17T18:09:19","modified_gmt":"2022-01-17T17:09:19","slug":"strache-nachgesang","status":"publish","type":"post","link":"http:\/\/deutsche-partei-dp.de\/?p=655","title":{"rendered":"Strache Nachgesang"},"content":{"rendered":"<p>Die im Glashaus sitzen!<\/p>\n<p style=\"text-align: justify;\">Die Anst\u00e4ndigen allerorts, ob Parteifunktion\u00e4re oder Medienalarmisten regen sich nun \u00fcber den b\u00f6sen Strache und die FP\u00d6 auf. Doch Strache hat Dinge versprochen, bevor er Minister war; dem ist nichts gefolgt, als er Minister wurde. Au\u00dferdem hatte er die mysteri\u00f6se Oligarchen-Nichte nur einmal getroffen und dann nie wieder. Er hat keinen pers\u00f6nlichen Nutzen aus den Gespr\u00e4chen ziehen wollen, er hat allerdings politisches Porzellan zerschlagen.<\/p>\n<p style=\"text-align: justify;\">Was ist aber mit den \u201eAnst\u00e4ndigen\u201c, die heute mit Fingern auf Strache zeigen; wie zum Beispiel Herr Lindner (FDP)? Der ehemalige FDP-Vorsitzende Otto Graf Lambsdorff wurde am 16. Februar 1987 gemeinsam mit einem Flick-Manager wegen Steuerhinterziehung zu einer Geldstrafe von 180.000 DM verurteilt.<\/p>\n<p style=\"text-align: justify;\">Oder Herr Ziemiak (CDU-Generalsekret\u00e4r), der sich auch in Sachen Strache zu Wort gemeldet hatte. Der ehemalige Bundesinnenminister Kanther (CDU) wurde wegen der CDU-Spendenaff\u00e4re am 27. September 2007 wegen Untreue zu 300 Tagess\u00e4tzen \u00e0 180 \u20ac, also 54.000 \u20ac, verurteilt.<\/p>\n<p style=\"text-align: justify;\">Oder Herr Stegner von der SPD \u2013 <em>\u201edas Skandalvideo um FP\u00d6-Chef Strache zeigt die Dummheit und moralische Verkommenheit der Rechtsradikalen, wie wir das \u00fcberall zu sehen bekommen, korrupt, undemokratisch, gef\u00e4hrlich.\u201c <\/em>Ach ja, Herr Stegner, wie war das noch mit dem SPD-Bundestagsabgeordneten von 1994-1996 Kurt Neumann, der laut Focus folgendes S\u00fcndenregister aufweist?<\/p>\n<p style=\"text-align: justify;\">1990:\u00a0\u00a0 13.000 DM \u00a0\u00a0\u00a0\u00a0\u00a0\u00a0\u00a0\u00a0\u00a0\u00a0 Geldstrafe wegen Steuerhinterziehung,<\/p>\n<p style=\"text-align: justify;\">1991:\u00a0\u00a0\u00a0\u00a0 6.000 DM \u00a0\u00a0\u00a0\u00a0\u00a0\u00a0\u00a0\u00a0\u00a0\u00a0 Geldstrafe wegen Vorenthaltung von Sozialabgaben,<\/p>\n<p style=\"text-align: justify;\">1992:\u00a0 25.000 DM\u00a0\u00a0\u00a0\u00a0\u00a0 Geldbu\u00dfe an sie Rechtsanwaltskammer wegen\u00a0 standeswidrigen Verhaltens,<\/p>\n<p style=\"text-align: justify;\">1992-1994: \u00a0\u00a0\u00a0\u00a0 drei zivilrechtlicher Haftbefehle wegen Zahlungsunf\u00e4higkeit,<\/p>\n<p style=\"text-align: justify;\">1996:\u00a0\u00a0 46.200 DM \u00a0\u00a0\u00a0\u00a0 Geldstrafe wegen Untreue in drei F\u00e4llen (Veruntreuung von Mandatsgeldern),<\/p>\n<p style=\"text-align: justify;\">1996:\u00a0\u00a0 60.000 DM \u00a0\u00a0 Geldstrafe und 10 Monate Freiheitsstrafe auf Bew\u00e4hrung wegen Steuerhinterziehung.<\/p>\n<p style=\"text-align: justify;\">Und Herr Stegner, wie war das noch mit dem ehemaligen Ministerpr\u00e4sidenten des Saarlandes Reinhard Klimmt (SPD), gegen den das Amtsgericht Trier einen Strafbefehl in H\u00f6he von 90 Tagess\u00e4tzen (27.000 DM) wegen Beihilfe zur Untreue erlassen hatte, worauf er am 15. November 2000 als Bundesverkehrsminister zur\u00fccktrat?<\/p>\n<p style=\"text-align: justify;\">Mir f\u00e4llt bei der Gelegenheit auf, Herr Stegner, da\u00df ein SPD-Mitglied mit einem solchen Vorstrafenregister Ministerpr\u00e4sident eines Bundeslandes und sogar Bundesminister werden kann.<\/p>\n<p style=\"text-align: justify;\">Was die Moral betrifft, so scheint es in der BRD eine Zweiklassen-gesellschaft zu geben!<\/p>\n<p style=\"text-align: justify;\">Oder Annalena Baerbock (Vorsitzende B\u00fcndnis90\/Die Gr\u00fcnen) \u2013 <em>\u201eDieser ungeheuerliche Skandal zeigt, Rechtpopulisten verachten unsere Werte wie Pressefreiheit und Rechtsstaatlichkeit und arbeiten an der systematischen Aush\u00f6hlung der Demokratie.\u201c <\/em><\/p>\n<p style=\"text-align: justify;\">Ach Frau Baerbock, 2014 wurde der Ex-Bundestagsabgeordnete Tom Koenigs (B\u00fcndnis90\/Die Gr\u00fcnen) zu \u00fcber sieben Jahren Gef\u00e4ngnis verurteilt, weil er sich an 40 Kindern vergangen hatte.<\/p>\n<p style=\"text-align: justify;\">Die \u201eAnst\u00e4ndigen\u201c sollten lieber vor der eigenen T\u00fcr kehren, bevor sie mit dem Finger auf andere zeigen!<\/p>\n<p>GUD<\/p>\n<p>Quelle: VAWS &#8211; Nachrichten<\/p>\n","protected":false},"excerpt":{"rendered":"<p>Die im Glashaus sitzen! Die Anst\u00e4ndigen allerorts, ob Parteifunktion\u00e4re oder Medienalarmisten regen sich nun \u00fcber den b\u00f6sen Strache und die FP\u00d6 auf. Doch Strache hat Dinge versprochen, bevor er Minister war; dem ist nichts gefolgt, als er Minister wurde. Au\u00dferdem hatte er die mysteri\u00f6se Oligarchen-Nichte nur einmal getroffen und dann nie wieder. Er hat keinen &hellip; <a href=\"http:\/\/deutsche-partei-dp.de\/?p=655\" class=\"more-link\"><span class=\"screen-reader-text\">\u201eStrache Nachgesang\u201c<\/span> weiterlesen<\/a><\/p>\n","protected":false},"author":2,"featured_media":0,"comment_status":"closed","ping_status":"closed","sticky":false,"template":"","format":"standard","meta":{"_editorskit_title_hidden":false,"_editorskit_reading_time":0,"_editorskit_is_block_options_detached":false,"_editorskit_block_options_position":"{}"},"categories":[301,791,300],"tags":[410,406,337,405,409,407,403,408,402,411,404],"_links":{"self":[{"href":"http:\/\/deutsche-partei-dp.de\/index.php?rest_route=\/wp\/v2\/posts\/655"}],"collection":[{"href":"http:\/\/deutsche-partei-dp.de\/index.php?rest_route=\/wp\/v2\/posts"}],"about":[{"href":"http:\/\/deutsche-partei-dp.de\/index.php?rest_route=\/wp\/v2\/types\/post"}],"author":[{"embeddable":true,"href":"http:\/\/deutsche-partei-dp.de\/index.php?rest_route=\/wp\/v2\/users\/2"}],"replies":[{"embeddable":true,"href":"http:\/\/deutsche-partei-dp.de\/index.php?rest_route=%2Fwp%2Fv2%2Fcomments&post=655"}],"version-history":[{"count":1,"href":"http:\/\/deutsche-partei-dp.de\/index.php?rest_route=\/wp\/v2\/posts\/655\/revisions"}],"predecessor-version":[{"id":657,"href":"http:\/\/deutsche-partei-dp.de\/index.php?rest_route=\/wp\/v2\/posts\/655\/revisions\/657"}],"wp:attachment":[{"href":"http:\/\/deutsche-partei-dp.de\/index.php?rest_route=%2Fwp%2Fv2%2Fmedia&parent=655"}],"wp:term":[{"taxonomy":"category","embeddable":true,"href":"http:\/\/deutsche-partei-dp.de\/index.php?rest_route=%2Fwp%2Fv2%2Fcategories&post=655"},{"taxonomy":"post_tag","embeddable":true,"href":"http:\/\/deutsche-partei-dp.de\/index.php?rest_route=%2Fwp%2Fv2%2Ftags&post=655"}],"curies":[{"name":"wp","href":"https:\/\/api.w.org\/{rel}","templated":true}]}}