{"id":65,"date":"2009-03-01T01:30:39","date_gmt":"2009-02-28T23:30:39","guid":{"rendered":"http:\/\/deutsche-partei-dp.de\/?p=65"},"modified":"2014-11-01T01:30:49","modified_gmt":"2014-10-31T23:30:49","slug":"kriminalitaet","status":"publish","type":"post","link":"http:\/\/deutsche-partei-dp.de\/?p=65","title":{"rendered":"Kriminalit\u00e4t"},"content":{"rendered":"<h2>Kriminalit\u00e4t<\/h2>\n<div class=\"entry\">\n<p lang=\"de-DE\">Kriminalstatistik Baden-W\u00fcrtembg. 2008: (Jutta Retz 03.2009)<\/p>\n<p lang=\"de-DE\">Insgesamt weniger Verbrechen, trotzdem sind die Zahlen f\u00fcr ein wohlhabendes Bundesland ersch\u00fctternd.<\/p>\n<p lang=\"de-DE\">Straftaten insgesamt: 591.736<\/p>\n<p lang=\"de-DE\">Aufkl\u00e4rungsquote: 58,8 %<\/p>\n<p lang=\"de-DE\">Entstandener Schaden: 678,4 Mio. Euro<\/p>\n<p lang=\"de-DE\">Tatverd\u00e4chtige: 238.684 (- 4,5%)<\/p>\n<p lang=\"de-DE\">W\u00e4hrend die Morde auf 333 Straftaten leicht zur\u00fcckgingen, stieg die Zahl der Sexualdelikte auf 6431 um 7 % an.<\/p>\n<p lang=\"de-DE\">Auch die Internetkriminalit\u00e4t stieg um 4,1 % auf 20.175 F\u00e4lle.<\/p>\n<p lang=\"de-DE\">Im vergangenen Jahr wurden 427 Polizisten bei Konflikten mit gewaltt\u00e4tigen Gruppen verletzt, berichtet Innenminister Rech.<\/p>\n<p lang=\"de-DE\">Unver\u00e4ndert fallen auch in BW dreimal so viele Jugendliche aus Einwanderer Familien mit Gewaltdelikten auf wie Deutsche.<\/p>\n<p lang=\"de-DE\">Auch Sp\u00e4taussiedler gelten unver\u00e4ndert als sehr gewaltorientiert. Da haben wir uns schlimme Probleme eingehandelt auf die wir eigentlich gut verzichten k\u00f6nnten!!<\/p>\n<p lang=\"de-DE\">Beim islamistischen Terror zeichnet sich auch keine Entspannung ab. Am gef\u00e4hrlichsten seien Konvertiten. Die Radikalisierung erfolgt nicht mehr in Ausbildungscamps, sondern am PC.<\/p>\n<p lang=\"de-DE\">Die Polizei hat 100 Personen unter Beobachtung, denen alles zugetraut werden muss!!<\/p>\n<p lang=\"de-DE\">Dazu kommen noch einmal 600 bekannte gewaltbereite Linksextremisten!<\/p>\n<p lang=\"de-DE\">Gute Nacht Deutschland.<\/p>\n<p lang=\"de-DE\">Arme Polizei! (Zahlenmaterial aus der Stuttgarter Zeitung)<\/p>\n<p>Kriminalstatistik: M\u00fcnchen (dpa) (E. Jahnke 01.2009) in der regionalen<em>Rotenburger Kreiszeitung<\/em> entdeckten Kurzmitteilung.<\/p>\n<p>Die CSU will laut Landesgruppenchef <em>Peter Ramsauer<\/em> k\u00fcnftig nicht nur die Staatsangeh\u00f6rigkeit sondern auch die Herkunft der Tatverd\u00e4chtigen in der Kriminalstatistik erfassen.<\/p>\n<p>\u201eZur Bek\u00e4mpfung der Kriminalit\u00e4t geh\u00f6rt, da\u00df man ihre Wurzeln klar benennt\u201c, sagt <em>Ramsauer.<\/em><\/p>\n<p>Die Abnahme der Ausl\u00e4nderkriminalit\u00e4t, die stets behauptet wird, ist vor allem dadurch herbeigef\u00fchrt worden, da\u00df Ausl\u00e4nder durch die Zuerkennung der deutschen Staats-b\u00fcrgerschaft formal Deutsche geworden sind.<\/p>\n<p>Eine von der <strong>DP<\/strong> seit Jahren geforderte l\u00e4ngst \u00fcberf\u00e4llige Erkenntnis des Herrn <em>Ramsauer.<\/em><\/p>\n<p>Kriminalstatistik: Berlin (<em>dpa<\/em><em><strong>)<\/strong><\/em> (E. Jahnke 01.2009)<\/p>\n<p>Die Bundesintegrationsbeauftragte <em>Maria B\u00f6hmer <\/em>(CDU) hat Forderungen aus der CSU zur\u00fcckgewiesen, k\u00fcnftig den Migrations-hintergrund von Tatverd\u00e4chtigen in der polizeilichen Kriminalstatistik zu erfassen! \u201eVon dem Vorschlag kann f\u00fcr viele integrationswillige Migranten in Deutschland<\/p>\n<p>eine falsche Signalwirkung ausgehen, wenn<\/p>\n<p>nicht gleichzeitig die vielf\u00e4ltigen Ursachen von Kriminalit\u00e4t in den Blick genommen werden\u201c, sagte <em>B\u00f6hmer.<\/em><\/p>\n<p>Die Redaktion meint dazu:<\/p>\n<p>\u201eNichts h\u00f6ren und nichts sehen und damit das deutsche Volk verkohlen, ist seit Jahrzehnten die Masche der sog. Volks-parteien!\u201c<\/p>\n<p>Kriminalstatistik: (von E. Jahnke, 01.2009)<\/p>\n<p>In der regionalen <em>Rotenburger Kreiszeitung<\/em> entdeckten Kurzmitteilung.<\/p>\n<p>Die CSU will laut Landesgruppenchef <em>Peter Ramsauer<\/em> k\u00fcnftig nicht nur die Staatsangeh\u00f6rigkeit sondern auch die Herkunft der Tatverd\u00e4chtigen in der Kriminalstatistik erfassen.<\/p>\n<p>\u201eZur Bek\u00e4mpfung der Kriminalit\u00e4t geh\u00f6rt, da\u00df man ihre Wurzeln klar benennt\u201c, sagt <em>Ramsauer.<\/em><\/p>\n<p>Die Abnahme der Ausl\u00e4nderkriminalit\u00e4t, die stets behauptet wird, ist vor allem dadurch herbeigef\u00fchrt worden, da\u00df Ausl\u00e4nder durch die Zuerkennung der deutschen Staats-b\u00fcrgerschaft formal Deutsche geworden sind.<\/p>\n<p>Eine von der DP seit Jahren geforderte l\u00e4ngst \u00fcberf\u00e4llige Erkenntnis des Herrn <em>Ramsauer<\/em><\/p>\n<\/div>\n","protected":false},"excerpt":{"rendered":"<p>Kriminalit\u00e4t Kriminalstatistik Baden-W\u00fcrtembg. 2008: (Jutta Retz 03.2009) Insgesamt weniger Verbrechen, trotzdem sind die Zahlen f\u00fcr ein wohlhabendes Bundesland ersch\u00fctternd. Straftaten insgesamt: 591.736 Aufkl\u00e4rungsquote: 58,8 % Entstandener Schaden: 678,4 Mio. Euro Tatverd\u00e4chtige: 238.684 (- 4,5%) W\u00e4hrend die Morde auf 333 Straftaten leicht zur\u00fcckgingen, stieg die Zahl der Sexualdelikte auf 6431 um 7 % an. Auch die &hellip; <a href=\"http:\/\/deutsche-partei-dp.de\/?p=65\" class=\"more-link\"><span class=\"screen-reader-text\">\u201eKriminalit\u00e4t\u201c<\/span> weiterlesen<\/a><\/p>\n","protected":false},"author":1,"featured_media":0,"comment_status":"open","ping_status":"open","sticky":false,"template":"","format":"standard","meta":{"_editorskit_title_hidden":false,"_editorskit_reading_time":0,"_editorskit_is_block_options_detached":false,"_editorskit_block_options_position":"{}"},"categories":[1],"tags":[],"_links":{"self":[{"href":"http:\/\/deutsche-partei-dp.de\/index.php?rest_route=\/wp\/v2\/posts\/65"}],"collection":[{"href":"http:\/\/deutsche-partei-dp.de\/index.php?rest_route=\/wp\/v2\/posts"}],"about":[{"href":"http:\/\/deutsche-partei-dp.de\/index.php?rest_route=\/wp\/v2\/types\/post"}],"author":[{"embeddable":true,"href":"http:\/\/deutsche-partei-dp.de\/index.php?rest_route=\/wp\/v2\/users\/1"}],"replies":[{"embeddable":true,"href":"http:\/\/deutsche-partei-dp.de\/index.php?rest_route=%2Fwp%2Fv2%2Fcomments&post=65"}],"version-history":[{"count":1,"href":"http:\/\/deutsche-partei-dp.de\/index.php?rest_route=\/wp\/v2\/posts\/65\/revisions"}],"predecessor-version":[{"id":66,"href":"http:\/\/deutsche-partei-dp.de\/index.php?rest_route=\/wp\/v2\/posts\/65\/revisions\/66"}],"wp:attachment":[{"href":"http:\/\/deutsche-partei-dp.de\/index.php?rest_route=%2Fwp%2Fv2%2Fmedia&parent=65"}],"wp:term":[{"taxonomy":"category","embeddable":true,"href":"http:\/\/deutsche-partei-dp.de\/index.php?rest_route=%2Fwp%2Fv2%2Fcategories&post=65"},{"taxonomy":"post_tag","embeddable":true,"href":"http:\/\/deutsche-partei-dp.de\/index.php?rest_route=%2Fwp%2Fv2%2Ftags&post=65"}],"curies":[{"name":"wp","href":"https:\/\/api.w.org\/{rel}","templated":true}]}}