{"id":545,"date":"2017-01-16T18:11:57","date_gmt":"2017-01-16T17:11:57","guid":{"rendered":"http:\/\/deutsche-partei-dp.de\/?p=545"},"modified":"2022-01-17T18:29:23","modified_gmt":"2022-01-17T17:29:23","slug":"asylrecht","status":"publish","type":"post","link":"http:\/\/deutsche-partei-dp.de\/?p=545","title":{"rendered":"Asylrecht"},"content":{"rendered":"<p>Anis Amris Weihnachtsmarkt-Attentat vom 19.12.2016 und schwarz-roter-Gesetzversch\u00e4rfungs-Aktionismus zum Asylrecht\u00a0\u00a0\u00a0\u00a0\u00a0\u00a0\u00a0\u00a0\u00a0\u00a0\u00a0\u00a0\u00a0\u00a0 (H.St.)<\/p>\n<p style=\"text-align: left;\">Erst wenn besondere Ereignisse eintreten \u00fcberbieten sich verantwortliche Politiker mit Reformvorschl\u00e4gen. So auch jetzt ist in Berlin wieder viel Aktionismus angesagt, Gesetzesregelungen zu modifizieren oder zu versch\u00e4rfen.<\/p>\n<p>Aufgrund seiner beruflichen Erfahrung zwischen dem 01.02.1977 bis 12.11.1998 \u00a0mit Asylbewerbern (heute vornehm im Neusprech \u201eAsyl-\u201aForderer\u2018\u201c benannt) wandte sich (H.St.) mit Schreiben vom\u00a0 27.07.2004 an den damaligen nieders\u00e4chsischen Ministerpr\u00e4sidenten -pers\u00f6nlich &#8211; (wie hie\u00df der denn noch ?) und sein Landeskabinett, \u00fcber eine Bundesratsinitiative das Asyl- und Asylfolgerecht richtungsweisend zu \u00e4ndern.<\/p>\n<p>Kern der \u00c4nderung und Versch\u00e4rfung des Asylrechtes sollte sein, wonach Personen, die ohne oder mit falschen oder gef\u00e4lschten Ausweispapieren\/Herkunftsnachweisen oder unter falschen, sp\u00e4ter festgestellten Angaben zu ihrem urspr\u00fcnglichen Status Asyl begehren\/begehrt haben, dieses Recht von Anbeginn des Verfahrens verwirkt haben. (Auch damals gab es schon Identit\u00e4ts- und Leistungsbetrug unter dieser Klientel!)<\/p>\n<p>Eine erbetene Antwort oder Bundesratsinitiative: Fehanzeige!<\/p>\n<p>Eine logische Folgerung aus dieser Situation beschrieb (H.St) damals wie folgt:<\/p>\n<ol start=\"2\">\n<li>Bisher und zuk\u00fcnftig abgelehnte Asylbewerber sind in Deutschland nicht geduldet und \u00a0\u00a0\u00a0umgehend auszuweisen und au\u00dfer Landes zu verbringen. Staatliche Zuwendungen in\u00a0 Form von \u00a0Geld- und Sachleistungen werden nicht gew\u00e4hrt; das Asylbewerber-Leistungsgesetz ist entsprechend zu \u00e4ndern bzw. anzupassen.<\/li>\n<li>Alle -auch abgelehnten- Asylbewerber sind in einer zentralen biometrisch auswertbaren Datei dauerhaft zu erfassen zu Abgleichzwecken EU-weit.<\/li>\n<li>Medizinische Versorgung erfolgt nur in unabweisbar notwendigem Minimalumfang.<\/li>\n<li>Straff\u00e4llig gewordene Asylbewerber und anerkannte Asylbewerber verlieren ihren Anspruch auf ein Asyl-\/folgeverfahren ; Rechtsfolgen wie zu 2..<\/li>\n<li>Asylbewerber sind bis zur endg\u00fcltigen Entscheidung \u00fcber ihren Antrag zentral und abgeschlossen (kaserniert!) unterzubringen und zu verpflegen; abgelehnte Asylbewerber sind bis zur Ausweisung entsprechend zentral und abgeschlossen unterzubringen.<\/li>\n<li>Geduldete Ausl\u00e4nder sind nach 1. \u2013 6. Zu behandeln.<\/li>\n<li>In Deutschland entstandene Aufwendungen f\u00fcr abgelehnte Asylbewerber\/geduldete Ausl\u00e4nder\u00a0 sind \u00fcber die entsprechenden deutschen Vertretungen im Heimatland beizutreiben.<\/li>\n<\/ol>\n<p>H\u00e4tten die damals regierungsverantwortlichen Volks(-ver-)treter\u00a0 ab 2004 schon in der Gesetzgebung den vorerw\u00e4hnten Ans\u00e4tzen Beachtung geschenkt und Rechnung getragen, w\u00e4ren manche schmerzhaften Erfahrungen in der Folgezeit dem Volk und der Politik erspart geblieben.<\/p>\n<p>So bleibt dem Volk nur zu hoffen, da\u00df heute die Weichen entsprechend zukunftsorientiert gestellt und bei Bedarf kurzfristig nachjustiert werden.<\/p>\n<p>Meinen Beitrag w\u00fcrde ich dazu gerne gesetzgeberisch beratend einbringen.<\/p>\n","protected":false},"excerpt":{"rendered":"<p>Anis Amris Weihnachtsmarkt-Attentat vom 19.12.2016 und schwarz-roter-Gesetzversch\u00e4rfungs-Aktionismus zum Asylrecht\u00a0\u00a0\u00a0\u00a0\u00a0\u00a0\u00a0\u00a0\u00a0\u00a0\u00a0\u00a0\u00a0\u00a0 (H.St.) Erst wenn besondere Ereignisse eintreten \u00fcberbieten sich verantwortliche Politiker mit Reformvorschl\u00e4gen. So auch jetzt ist in Berlin wieder viel Aktionismus angesagt, Gesetzesregelungen zu modifizieren oder zu versch\u00e4rfen. Aufgrund seiner beruflichen Erfahrung zwischen dem 01.02.1977 bis 12.11.1998 \u00a0mit Asylbewerbern (heute vornehm im Neusprech \u201eAsyl-\u201aForderer\u2018\u201c benannt) wandte &hellip; <a href=\"http:\/\/deutsche-partei-dp.de\/?p=545\" class=\"more-link\"><span class=\"screen-reader-text\">\u201eAsylrecht\u201c<\/span> weiterlesen<\/a><\/p>\n","protected":false},"author":2,"featured_media":0,"comment_status":"closed","ping_status":"closed","sticky":false,"template":"","format":"standard","meta":{"_editorskit_title_hidden":false,"_editorskit_reading_time":0,"_editorskit_is_block_options_detached":false,"_editorskit_block_options_position":"{}"},"categories":[802],"tags":[327,330,329,328],"_links":{"self":[{"href":"http:\/\/deutsche-partei-dp.de\/index.php?rest_route=\/wp\/v2\/posts\/545"}],"collection":[{"href":"http:\/\/deutsche-partei-dp.de\/index.php?rest_route=\/wp\/v2\/posts"}],"about":[{"href":"http:\/\/deutsche-partei-dp.de\/index.php?rest_route=\/wp\/v2\/types\/post"}],"author":[{"embeddable":true,"href":"http:\/\/deutsche-partei-dp.de\/index.php?rest_route=\/wp\/v2\/users\/2"}],"replies":[{"embeddable":true,"href":"http:\/\/deutsche-partei-dp.de\/index.php?rest_route=%2Fwp%2Fv2%2Fcomments&post=545"}],"version-history":[{"count":1,"href":"http:\/\/deutsche-partei-dp.de\/index.php?rest_route=\/wp\/v2\/posts\/545\/revisions"}],"predecessor-version":[{"id":546,"href":"http:\/\/deutsche-partei-dp.de\/index.php?rest_route=\/wp\/v2\/posts\/545\/revisions\/546"}],"wp:attachment":[{"href":"http:\/\/deutsche-partei-dp.de\/index.php?rest_route=%2Fwp%2Fv2%2Fmedia&parent=545"}],"wp:term":[{"taxonomy":"category","embeddable":true,"href":"http:\/\/deutsche-partei-dp.de\/index.php?rest_route=%2Fwp%2Fv2%2Fcategories&post=545"},{"taxonomy":"post_tag","embeddable":true,"href":"http:\/\/deutsche-partei-dp.de\/index.php?rest_route=%2Fwp%2Fv2%2Ftags&post=545"}],"curies":[{"name":"wp","href":"https:\/\/api.w.org\/{rel}","templated":true}]}}