{"id":474,"date":"2016-10-06T18:24:08","date_gmt":"2016-10-06T16:24:08","guid":{"rendered":"http:\/\/deutsche-partei-dp.de\/?p=474"},"modified":"2016-10-13T20:32:25","modified_gmt":"2016-10-13T18:32:25","slug":"infobrief-11","status":"publish","type":"post","link":"http:\/\/deutsche-partei-dp.de\/?p=474","title":{"rendered":"InfoBrief"},"content":{"rendered":"<p>Offener Brief an Bundeskanzlerin Frau Dr. Angela Merkel zum Tag der Deutschen Einheit.<\/p>\n<p style=\"text-align: justify;\">Guten Tag Frau Dr. Merkel,<\/p>\n<p style=\"text-align: justify;\">zum Tag der Deutschen Einheit gaben Sie einem geschniegelten, konservativ wirkenden jungen Mann, <strong>ich hatte von ihrer modernen CDU einen Hippie erwartet<\/strong>, ein Interview am 3. Oktober.<\/p>\n<p style=\"text-align: justify;\">Sie sprachen davon, Br\u00fccken bauen zu wollen, Br\u00fccken zwischen jung und alt, den verschiedenen Bundesl\u00e4ndern und Nachbarl\u00e4ndern, <strong>aber Sie sprachen nicht davon, Br\u00fccken zu denen bauen zu wollen, die mit ihrer Politik \u00fcberhaupt nicht einverstanden sind. Und das sind viele nicht.<\/strong><\/p>\n<p style=\"text-align: justify;\">Sie sprachen von einem Gottesdienst in Dresden als einem Symbol f\u00fcr die Einheit. <strong>Mich erstaunt die Synthese einer Pfarrerstochter und gleichzeitigen SED-Funktion\u00e4rin einer atheistischen Ideologie, die nun einen Gottesbezug gefunden hat.<\/strong><\/p>\n<p style=\"text-align: justify;\">\u201eWir sind das Volk\u201c war ihrer Meinung nach das berechtigte Aufbegehren in der DDR, <strong>da waren Sie aber noch stramme SED-Funktion\u00e4rin. <\/strong>Sie sagen, heute habe dieser Ausruf eine andere Bedeutung und \u201ewird von den Rechten mi\u00dfbraucht, denen man nat\u00fcrlich entgegentreten mu\u00df. Heute haben n\u00e4mlich alle das Recht, ihre Meinung frei zu \u00e4u\u00dfern und zu demonstrieren.\u201c <strong>Genau das tun doch Pegida und andere. Was also: freie Meinungs\u00e4u\u00dferung oder dieser entgegentreten?<\/strong><\/p>\n<p style=\"text-align: justify;\">Sie sagen: Wer meint, nicht wahr genommen zu werden, soll sich \u00e4u\u00dfern, Gegenvorschl\u00e4ge machen; das ist gelebte Demokratie. <strong>Aber das machen doch Pegida, AfD und andere und werden daf\u00fcr ha\u00dferf\u00fcllt bek\u00e4mpft.<\/strong><\/p>\n<p style=\"text-align: justify;\">Was sollen die J\u00fcngeren, die die Wiedervereinigung nicht miterlebt haben, von der Vergangenheit lernen? fragte Sie der Interviewer.\u00a0\u00a0\u00a0\u00a0\u00a0\u00a0\u00a0\u00a0\u00a0\u00a0\u00a0\u00a0\u00a0\u00a0\u00a0\u00a0\u00a0\u00a0\u00a0\u00a0\u00a0\u00a0\u00a0 Sie, Frau Merkel, finden es sch\u00f6n, da\u00df die Jungen Stacheldraht und Mauer nicht erlebt haben. <strong>Das aber waren die Attribute Ihrer DDR, Frau Merkel!<\/strong><\/p>\n<p style=\"text-align: justify;\">\u201eUnd wer die Geschichte nicht kennt, hat auch Schwierigkeiten, die Zukunft zu gestalten. Wir brauchen besseren und mehr Geschichtsunterricht in den Schulen. N\u00e4mlich mit der neueren Geschichte der DDR, aber auch der Geschichte des Nationalsozialismus\u2026..\u201c\u00a0\u00a0\u00a0\u00a0\u00a0\u00a0\u00a0\u00a0\u00a0\u00a0\u00a0\u00a0 <strong>Der Geschichtsunterricht soll in einigen Bundesl\u00e4ndern ganz abgeschafft werden, Frau Merkel!\u00a0\u00a0 <\/strong>\u00a0\u00a0\u201e\u2026sonst wissen wir nicht;\u00a0 woher wir kommen?\u201c <strong>Sollen wir denn das?<\/strong><\/p>\n<p style=\"text-align: justify;\">Auf die pers\u00f6nliche Frage, welche Erinnerung Sie, Frau Merkel, an die deutsche Einheit haben, antworten Sie, da\u00df Sie am 3. Oktober 1990 in der Philharmonie in Berlin waren: \u201eEs war ein gl\u00fccklicher Tag, ein Tag der Freude, ein Tag mit Hoffnung.\u201c <strong>Ach ja, da mu\u00df die Pfarrerstochter und SED-Funktion\u00e4rin aber den Hals sehr schnell gewendet haben.<\/strong><\/p>\n<p style=\"text-align: justify;\">Mit freundlichen Gr\u00fc\u00dfen<\/p>\n<p style=\"text-align: justify;\">G.-U. Dahlmann<\/p>\n","protected":false},"excerpt":{"rendered":"<p>Offener Brief an Bundeskanzlerin Frau Dr. Angela Merkel zum Tag der Deutschen Einheit. Guten Tag Frau Dr. Merkel, zum Tag der Deutschen Einheit gaben Sie einem geschniegelten, konservativ wirkenden jungen Mann, ich hatte von ihrer modernen CDU einen Hippie erwartet, ein Interview am 3. Oktober. Sie sprachen davon, Br\u00fccken bauen zu wollen, Br\u00fccken zwischen jung &hellip; <a href=\"http:\/\/deutsche-partei-dp.de\/?p=474\" class=\"more-link\"><span class=\"screen-reader-text\">\u201eInfoBrief\u201c<\/span> weiterlesen<\/a><\/p>\n","protected":false},"author":2,"featured_media":0,"comment_status":"open","ping_status":"open","sticky":false,"template":"","format":"standard","meta":{"_editorskit_title_hidden":false,"_editorskit_reading_time":0,"_editorskit_is_block_options_detached":false,"_editorskit_block_options_position":"{}"},"categories":[1],"tags":[],"_links":{"self":[{"href":"http:\/\/deutsche-partei-dp.de\/index.php?rest_route=\/wp\/v2\/posts\/474"}],"collection":[{"href":"http:\/\/deutsche-partei-dp.de\/index.php?rest_route=\/wp\/v2\/posts"}],"about":[{"href":"http:\/\/deutsche-partei-dp.de\/index.php?rest_route=\/wp\/v2\/types\/post"}],"author":[{"embeddable":true,"href":"http:\/\/deutsche-partei-dp.de\/index.php?rest_route=\/wp\/v2\/users\/2"}],"replies":[{"embeddable":true,"href":"http:\/\/deutsche-partei-dp.de\/index.php?rest_route=%2Fwp%2Fv2%2Fcomments&post=474"}],"version-history":[{"count":10,"href":"http:\/\/deutsche-partei-dp.de\/index.php?rest_route=\/wp\/v2\/posts\/474\/revisions"}],"predecessor-version":[{"id":519,"href":"http:\/\/deutsche-partei-dp.de\/index.php?rest_route=\/wp\/v2\/posts\/474\/revisions\/519"}],"wp:attachment":[{"href":"http:\/\/deutsche-partei-dp.de\/index.php?rest_route=%2Fwp%2Fv2%2Fmedia&parent=474"}],"wp:term":[{"taxonomy":"category","embeddable":true,"href":"http:\/\/deutsche-partei-dp.de\/index.php?rest_route=%2Fwp%2Fv2%2Fcategories&post=474"},{"taxonomy":"post_tag","embeddable":true,"href":"http:\/\/deutsche-partei-dp.de\/index.php?rest_route=%2Fwp%2Fv2%2Ftags&post=474"}],"curies":[{"name":"wp","href":"https:\/\/api.w.org\/{rel}","templated":true}]}}