{"id":472,"date":"2016-10-04T19:51:50","date_gmt":"2016-10-04T17:51:50","guid":{"rendered":"http:\/\/deutsche-partei-dp.de\/?p=472"},"modified":"2022-01-17T18:40:09","modified_gmt":"2022-01-17T17:40:09","slug":"renten-2","status":"publish","type":"post","link":"http:\/\/deutsche-partei-dp.de\/?p=472","title":{"rendered":"Renten"},"content":{"rendered":"<p><strong><u>Renten im freien Fall<\/u><\/strong><\/p>\n<p>\u201eim freien Fall\u201c befinden, ist daf\u00fcr verantwortlich die \u00c4ra Kohl und die Zeit ab ca. 1985.<\/p>\n<p>Auch wenn der damalige Arbeits- und Sozialminister\u00a0 (kabarettistisch damals als \u201eKabinetts-Pumuckl\u201c bezeichnet!) Norbert Bl\u00fcm medienwirksam plakatierte \u201eDie Rente ist sicher\u201c, wurde die Rentenkasse systematisch gepl\u00fcndert durch und f\u00fcr die Gew\u00e4hrung von sozialversicherungsfremden\u00a0 Leistungen.<\/p>\n<p>Insbesondere durch die hoch angesetzten Rentenanspr\u00fcche der deutschst\u00e4mmigen \u201eRenten-Zuwanderer\u201c aus der damaligen Sowjetunion, die niemals auch nur einen Rubel in das deutsche Rentensystem eingezahlt hatten.<\/p>\n<p>Nachfolgende Bundesregierungen haben es nicht f\u00fcr n\u00f6tig gehalten, diese Fehlentwicklungen zu korrigieren oder durch Sonderzahlungen an die Rentenkasse aus Steuermitteln auszugleichen oder zu kompensieren.<\/p>\n<p>Leidtragende sind die nachwachsenden rentenversicherungspflichtigen Arbeitnehmer.<\/p>\n<p>(H.St.)<\/p>\n","protected":false},"excerpt":{"rendered":"<p>Renten im freien Fall \u201eim freien Fall\u201c befinden, ist daf\u00fcr verantwortlich die \u00c4ra Kohl und die Zeit ab ca. 1985. Auch wenn der damalige Arbeits- und Sozialminister\u00a0 (kabarettistisch damals als \u201eKabinetts-Pumuckl\u201c bezeichnet!) Norbert Bl\u00fcm medienwirksam plakatierte \u201eDie Rente ist sicher\u201c, wurde die Rentenkasse systematisch gepl\u00fcndert durch und f\u00fcr die Gew\u00e4hrung von sozialversicherungsfremden\u00a0 Leistungen. Insbesondere durch &hellip; <a href=\"http:\/\/deutsche-partei-dp.de\/?p=472\" class=\"more-link\"><span class=\"screen-reader-text\">\u201eRenten\u201c<\/span> weiterlesen<\/a><\/p>\n","protected":false},"author":2,"featured_media":0,"comment_status":"open","ping_status":"open","sticky":false,"template":"","format":"standard","meta":{"_editorskit_title_hidden":false,"_editorskit_reading_time":0,"_editorskit_is_block_options_detached":false,"_editorskit_block_options_position":"{}"},"categories":[806],"tags":[],"_links":{"self":[{"href":"http:\/\/deutsche-partei-dp.de\/index.php?rest_route=\/wp\/v2\/posts\/472"}],"collection":[{"href":"http:\/\/deutsche-partei-dp.de\/index.php?rest_route=\/wp\/v2\/posts"}],"about":[{"href":"http:\/\/deutsche-partei-dp.de\/index.php?rest_route=\/wp\/v2\/types\/post"}],"author":[{"embeddable":true,"href":"http:\/\/deutsche-partei-dp.de\/index.php?rest_route=\/wp\/v2\/users\/2"}],"replies":[{"embeddable":true,"href":"http:\/\/deutsche-partei-dp.de\/index.php?rest_route=%2Fwp%2Fv2%2Fcomments&post=472"}],"version-history":[{"count":3,"href":"http:\/\/deutsche-partei-dp.de\/index.php?rest_route=\/wp\/v2\/posts\/472\/revisions"}],"predecessor-version":[{"id":489,"href":"http:\/\/deutsche-partei-dp.de\/index.php?rest_route=\/wp\/v2\/posts\/472\/revisions\/489"}],"wp:attachment":[{"href":"http:\/\/deutsche-partei-dp.de\/index.php?rest_route=%2Fwp%2Fv2%2Fmedia&parent=472"}],"wp:term":[{"taxonomy":"category","embeddable":true,"href":"http:\/\/deutsche-partei-dp.de\/index.php?rest_route=%2Fwp%2Fv2%2Fcategories&post=472"},{"taxonomy":"post_tag","embeddable":true,"href":"http:\/\/deutsche-partei-dp.de\/index.php?rest_route=%2Fwp%2Fv2%2Ftags&post=472"}],"curies":[{"name":"wp","href":"https:\/\/api.w.org\/{rel}","templated":true}]}}