{"id":47,"date":"2008-01-01T01:22:15","date_gmt":"2007-12-31T23:22:15","guid":{"rendered":"http:\/\/deutsche-partei-dp.de\/?p=47"},"modified":"2014-11-01T01:22:26","modified_gmt":"2014-10-31T23:22:26","slug":"renten","status":"publish","type":"post","link":"http:\/\/deutsche-partei-dp.de\/?p=47","title":{"rendered":"Renten"},"content":{"rendered":"<h2>Renten<\/h2>\n<div class=\"entry\">\n<p lang=\"de-DE\">Pl\u00fcndern die Rentner die Jugend aus? (von G.-U. Dahlmann, 2008)<\/p>\n<p lang=\"de-DE\">Der Altbundespr\u00e4sident <em>Roman Herzog<\/em> meinte die Rentner pl\u00fcndern die Jugend aus!<\/p>\n<p lang=\"de-DE\">Nach 4 Jahren 0-Runde bekommen die Rentner 1% Erh\u00f6hung; Pl\u00fcnderung?<\/p>\n<p lang=\"de-DE\">Bei einer durchschnittlichen Inflation von 2% p.a. macht das, bei einem Rentendurchschnitt von ca. 1.000 \u20ac, in 4 Jahren eine Minderung der Rente von 20 \u20ac p.a., also 80 \u20ac aus.<\/p>\n<p lang=\"de-DE\">Die tats\u00e4chlich verf\u00fcgbare Rente betr\u00e4gt also nur noch 920 \u20ac<\/p>\n<p lang=\"de-DE\">Die Rente erh\u00f6ht sich um 1% also 10 \u20ac.<\/p>\n<p lang=\"de-DE\">Die Rente betr\u00e4gt jetzt also 930 \u20ac. Der pl\u00fcndernde Rentner hat also in den 4 Jahren 70 \u20ac verf\u00fcgbares Einkommen verloren.<\/p>\n<p lang=\"de-DE\">Der Verlust ist aber gr\u00f6\u00dfer, der offiziell angenommene Warenkorb trifft nicht f\u00fcr Rentner zu. Rentner kaufen nicht jedes Jahr Videokameras, Waschmaschinen etc. Wobei bei der Ermittlung des Warenkorbes au\u00dferdem noch gemogelt wird. Denn ist die Teuerung zu gro\u00df, wird auf billigere Produkte umgestiegen.<\/p>\n<p lang=\"de-DE\">So stiegen die Preise von Januar 2007 bis Januar 2008 also innerhalb eines Jahres f\u00fcr:<\/p>\n<p lang=\"de-DE\">Kartoffeln um + 36,2 %<\/p>\n<p lang=\"de-DE\">Gem\u00fcse um + 11,9 %<\/p>\n<p lang=\"de-DE\">Orangensaft um + 11,2 %<\/p>\n<p lang=\"de-DE\">Gas um + 9,8 %<\/p>\n<p lang=\"de-DE\">Strom um + 5,8 %<\/p>\n<p lang=\"de-DE\">Fischprodukte um + 5,3%<\/p>\n<p lang=\"de-DE\">Alkohol + Tabak um + 4,0 %<\/p>\n<p lang=\"de-DE\">Fahrzeuge um + 3,1%<\/p>\n<p lang=\"de-DE\">Die Preise des Warenkorbes stiegen von Jan. 2008 bis April 2008 noch einmal um 3,5 %.<\/p>\n<p lang=\"de-DE\">Um wie viel stiegen sie wirklich, n\u00e4mlich f\u00fcr die lebenswichtigen G\u00fcter z.B. Milchprodukte? Bis zu + 50 %.<\/p>\n<p lang=\"de-DE\">Wo k\u00f6nnen wir Rentner also einsparen?<\/p>\n<p lang=\"de-DE\">Z.B. bei den Heizkosten und dem Strom Im Winter stehen wir um 9.00 Uhr, wenn es hell wird, auf und gehen um 16.00 Uhr, wenn es wieder dunkel wird, ins Bett.<\/p>\n<p lang=\"de-DE\">Beim Essen k\u00f6nnen wir auch sparen, wir kaufen einfach das Brot von gestern.<\/p>\n<p lang=\"de-DE\">S\u00e4fte trinken wir auch nicht mehr, sondern nur noch Leitungswasser. Da k\u00f6nnen wir dann das Brot eintunken wenn es zu hart sein sollte.<\/p>\n<p lang=\"de-DE\">Daf\u00fcr kaufen wir dann Videokameras, Fernseher u. Waschmaschinen, weil die ja billiger geworden sind.<\/p>\n<p lang=\"de-DE\">Wie sehen die Politiker nun das Rentenproblem:<\/p>\n<p lang=\"de-DE\">Nun es ist viel billiger einigen Wenigen viel mehr zu geben als Vielen ein wenig mehr.<\/p>\n<p lang=\"de-DE\">D.h. 500 Abgeordnete bekommen 1000 \u20ac pro Monat mehr. Das macht f\u00fcr den Bundeshaushalt 500.000 \u20ac pro Monat oder 6 Mio. pro Jahr.<\/p>\n<p lang=\"de-DE\">Wenn aber 20 Mio. Rentner 10 \u20ac pro Monat mehr bekommen macht das 200 Mio. \u20ac im Monat oder 2.5 Mrd. \u20ac im Jahr aus.<\/p>\n<p lang=\"de-DE\">Wie wir sehen, die Politiker denken durchaus sparsam. Spa\u00df beiseite: Die Rentner bekommen pro Monat 10 \u20ac mehr und die Abgeordneten bekommen 1.000 \u20ac mehr <strong>(!!!)<\/strong>. Das ist genau der Betrag den der Durchschnittsrentner im Monat insgesamt bekommt.<\/p>\n<p>Die Alterswissenschaftlerin Evamaria M\u00fcller- Beu\u00dfe von der Fachhochschule Braunschweig-Wolfenb\u00fcttel stellt fest:<\/p>\n<p>Da\u00df, bedingt durch eine immer fr\u00fchere Verrentung, sich die wirtschaftliche Lage der Rentner drastisch verschlechtere.<\/p>\n<p>Nach Auskunft der Minijob-Zentrale der Rentenversicherung stieg die Zahl der 400-\u20ac-Jobber \u00fcber 65 Jahre in Niedersachsen seit 2004 um 2,4 % auf rund 71.000.<\/p>\n<\/div>\n","protected":false},"excerpt":{"rendered":"<p>Renten Pl\u00fcndern die Rentner die Jugend aus? (von G.-U. Dahlmann, 2008) Der Altbundespr\u00e4sident Roman Herzog meinte die Rentner pl\u00fcndern die Jugend aus! Nach 4 Jahren 0-Runde bekommen die Rentner 1% Erh\u00f6hung; Pl\u00fcnderung? Bei einer durchschnittlichen Inflation von 2% p.a. macht das, bei einem Rentendurchschnitt von ca. 1.000 \u20ac, in 4 Jahren eine Minderung der Rente &hellip; <a href=\"http:\/\/deutsche-partei-dp.de\/?p=47\" class=\"more-link\"><span class=\"screen-reader-text\">\u201eRenten\u201c<\/span> weiterlesen<\/a><\/p>\n","protected":false},"author":1,"featured_media":0,"comment_status":"open","ping_status":"open","sticky":false,"template":"","format":"standard","meta":{"_editorskit_title_hidden":false,"_editorskit_reading_time":0,"_editorskit_is_block_options_detached":false,"_editorskit_block_options_position":"{}"},"categories":[1],"tags":[],"_links":{"self":[{"href":"http:\/\/deutsche-partei-dp.de\/index.php?rest_route=\/wp\/v2\/posts\/47"}],"collection":[{"href":"http:\/\/deutsche-partei-dp.de\/index.php?rest_route=\/wp\/v2\/posts"}],"about":[{"href":"http:\/\/deutsche-partei-dp.de\/index.php?rest_route=\/wp\/v2\/types\/post"}],"author":[{"embeddable":true,"href":"http:\/\/deutsche-partei-dp.de\/index.php?rest_route=\/wp\/v2\/users\/1"}],"replies":[{"embeddable":true,"href":"http:\/\/deutsche-partei-dp.de\/index.php?rest_route=%2Fwp%2Fv2%2Fcomments&post=47"}],"version-history":[{"count":1,"href":"http:\/\/deutsche-partei-dp.de\/index.php?rest_route=\/wp\/v2\/posts\/47\/revisions"}],"predecessor-version":[{"id":48,"href":"http:\/\/deutsche-partei-dp.de\/index.php?rest_route=\/wp\/v2\/posts\/47\/revisions\/48"}],"wp:attachment":[{"href":"http:\/\/deutsche-partei-dp.de\/index.php?rest_route=%2Fwp%2Fv2%2Fmedia&parent=47"}],"wp:term":[{"taxonomy":"category","embeddable":true,"href":"http:\/\/deutsche-partei-dp.de\/index.php?rest_route=%2Fwp%2Fv2%2Fcategories&post=47"},{"taxonomy":"post_tag","embeddable":true,"href":"http:\/\/deutsche-partei-dp.de\/index.php?rest_route=%2Fwp%2Fv2%2Ftags&post=47"}],"curies":[{"name":"wp","href":"https:\/\/api.w.org\/{rel}","templated":true}]}}