{"id":400,"date":"2013-03-01T10:57:50","date_gmt":"2013-03-01T09:57:50","guid":{"rendered":"http:\/\/deutsche-partei-dp.de\/?p=400"},"modified":"2016-02-17T11:03:55","modified_gmt":"2016-02-17T10:03:55","slug":"gesellschaft-kampf-gegen-rechts","status":"publish","type":"post","link":"http:\/\/deutsche-partei-dp.de\/?p=400","title":{"rendered":"Gesellschaft, Kampf gegen Rechts"},"content":{"rendered":"<p><strong><u>Kampf gegen Rechts:<\/u>\u00a0\u00a0\u00a0\u00a0\u00a0\u00a0 <\/strong>oder der direkte Weg in die DDR 2.0\u00a0\u00a0\u00a0\u00a0\u00a0\u00a0\u00a0\u00a0\u00a0\u00a0\u00a0\u00a0\u00a0\u00a0\u00a0\u00a0\u00a0\u00a0\u00a0\u00a0\u00a0\u00a0\u00a0\u00a0\u00a0\u00a0\u00a0\u00a0\u00a0\u00a0 GUD<\/p>\n<p>Es gibt eine neue Partei \u201eDie Rechte\u201c. Kameradschaften und NPD\u00b4ler zieht es dort hin.<\/p>\n<p>Schon trompeten die Medien geschlossen von einer neuen Nazi-Partei. Woher wissen sie das? Kennen sie die Ziele dieser Partei schon so genau oder lesen unsere Gutmenschen schon wieder die Gedanken der Anderen.<\/p>\n<p>Auch die Politiker melden sich bereits zu Wort. Man werde nicht nur gegen diese Partei mit allen Mitteln (\u201edemokratischen versteht sich!\u201c) vorgehen, sondern auch ganz allgemein h\u00e4rter gegen Rechts vorgehen.<\/p>\n<p>Was meinen sie damit?<\/p>\n<p>Macht man sich in Zukunft strafbar, wenn man: kritisch eingestellt oder gegen den Euro, die EU, die Einwanderung in unser Sozialsystem, gegen gewaltt\u00e4tige Ausl\u00e4nder, gegen die Unterwanderung unseres Systems durch Islamisten, gegen Gender Mainstream, die Homo-Ehe, die Gesamtschule etc. ist?<\/p>\n<p>Ist man auf der falschen Seite, wenn man f\u00fcr die F\u00f6rderung der Familie Vater-Mutter-Kind, f\u00fcr die Ehe Mann-Frau, f\u00fcr die Interessen Deutschlands, f\u00fcr ein dreigliedriges Schulsystem, f\u00fcr eine Leitkultur etc. ist?<\/p>\n<p>Gastwirte werden aufgefordert, allen \u201erechten\u201c Gruppen den Zutritt zu verwehren und sie nach Blockwarts Art zu melden; Banken k\u00fcndigen Konten; Schulen werfen Sch\u00fcler von der Schule, wenn die Eltern eine falsche Meinung haben; die Geschichte wird nicht mehr von Historikern geschrieben, sondern von Politikern.\u00a0\u00a0\u00a0\u00a0\u00a0\u00a0\u00a0\u00a0\u00a0\u00a0\u00a0\u00a0\u00a0\u00a0\u00a0\u00a0\u00a0\u00a0\u00a0\u00a0\u00a0\u00a0\u00a0\u00a0\u00a0\u00a0\u00a0\u00a0\u00a0\u00a0\u00a0\u00a0\u00a0\u00a0\u00a0\u00a0\u00a0\u00a0\u00a0\u00a0\u00a0\u00a0\u00a0\u00a0\u00a0\u00a0\u00a0\u00a0\u00a0\u00a0\u00a0\u00a0\u00a0\u00a0\u00a0\u00a0\u00a0\u00a0\u00a0\u00a0\u00a0\u00a0\u00a0\u00a0\u00a0\u00a0\u00a0\u00a0\u00a0\u00a0\u00a0\u00a0\u00a0\u00a0\u00a0\u00a0\u00a0\u00a0\u00a0\u00a0\u00a0\u00a0\u00a0\u00a0\u00a0\u00a0\u00a0\u00a0 B\u00fcrgern, die Gesetzte hinterfragen, wird mit der Klapsm\u00fchle gedroht etc. etc.<\/p>\n<p>Der <em>Orwell-Staat<\/em> zeigt sein Gesicht!<\/p>\n","protected":false},"excerpt":{"rendered":"<p>Kampf gegen Rechts:\u00a0\u00a0\u00a0\u00a0\u00a0\u00a0 oder der direkte Weg in die DDR 2.0\u00a0\u00a0\u00a0\u00a0\u00a0\u00a0\u00a0\u00a0\u00a0\u00a0\u00a0\u00a0\u00a0\u00a0\u00a0\u00a0\u00a0\u00a0\u00a0\u00a0\u00a0\u00a0\u00a0\u00a0\u00a0\u00a0\u00a0\u00a0\u00a0\u00a0 GUD Es gibt eine neue Partei \u201eDie Rechte\u201c. Kameradschaften und NPD\u00b4ler zieht es dort hin. Schon trompeten die Medien geschlossen von einer neuen Nazi-Partei. Woher wissen sie das? Kennen sie die Ziele dieser Partei schon so genau oder lesen unsere Gutmenschen schon wieder die &hellip; <a href=\"http:\/\/deutsche-partei-dp.de\/?p=400\" class=\"more-link\"><span class=\"screen-reader-text\">\u201eGesellschaft, Kampf gegen Rechts\u201c<\/span> weiterlesen<\/a><\/p>\n","protected":false},"author":2,"featured_media":0,"comment_status":"open","ping_status":"open","sticky":false,"template":"","format":"standard","meta":{"_editorskit_title_hidden":false,"_editorskit_reading_time":0,"_editorskit_is_block_options_detached":false,"_editorskit_block_options_position":"{}"},"categories":[1],"tags":[256,255,254,257],"_links":{"self":[{"href":"http:\/\/deutsche-partei-dp.de\/index.php?rest_route=\/wp\/v2\/posts\/400"}],"collection":[{"href":"http:\/\/deutsche-partei-dp.de\/index.php?rest_route=\/wp\/v2\/posts"}],"about":[{"href":"http:\/\/deutsche-partei-dp.de\/index.php?rest_route=\/wp\/v2\/types\/post"}],"author":[{"embeddable":true,"href":"http:\/\/deutsche-partei-dp.de\/index.php?rest_route=\/wp\/v2\/users\/2"}],"replies":[{"embeddable":true,"href":"http:\/\/deutsche-partei-dp.de\/index.php?rest_route=%2Fwp%2Fv2%2Fcomments&post=400"}],"version-history":[{"count":1,"href":"http:\/\/deutsche-partei-dp.de\/index.php?rest_route=\/wp\/v2\/posts\/400\/revisions"}],"predecessor-version":[{"id":401,"href":"http:\/\/deutsche-partei-dp.de\/index.php?rest_route=\/wp\/v2\/posts\/400\/revisions\/401"}],"wp:attachment":[{"href":"http:\/\/deutsche-partei-dp.de\/index.php?rest_route=%2Fwp%2Fv2%2Fmedia&parent=400"}],"wp:term":[{"taxonomy":"category","embeddable":true,"href":"http:\/\/deutsche-partei-dp.de\/index.php?rest_route=%2Fwp%2Fv2%2Fcategories&post=400"},{"taxonomy":"post_tag","embeddable":true,"href":"http:\/\/deutsche-partei-dp.de\/index.php?rest_route=%2Fwp%2Fv2%2Ftags&post=400"}],"curies":[{"name":"wp","href":"https:\/\/api.w.org\/{rel}","templated":true}]}}