{"id":388,"date":"2013-05-02T19:37:14","date_gmt":"2013-05-02T17:37:14","guid":{"rendered":"http:\/\/deutsche-partei-dp.de\/?p=388"},"modified":"2016-02-16T19:45:02","modified_gmt":"2016-02-16T18:45:02","slug":"leserbrief-der-spiegel-das-nazi-erbe-der-deutschen-museen","status":"publish","type":"post","link":"http:\/\/deutsche-partei-dp.de\/?p=388","title":{"rendered":"Leserbrief, Der Spiegel: Das Nazi-Erbe der deutschen Museen"},"content":{"rendered":"<p><strong><u>Leserbrief<\/u><\/strong><\/p>\n<p>DER SPIEGEL<\/p>\n<p><strong>Betreff:<\/strong> Ausgabe Nr. 5 v. 28.01.2013: Titel: Das Nazi- Erbe in deuschen Museen<\/p>\n<p><strong>Datum:<\/strong> Mon, 04 Feb 2013 15:10:16 +0100<\/p>\n<p>Sehr geehrter Herr Winter,<\/p>\n<p>Ihren auf 10 Seiten verfa\u00dften Beitrag ab der Seite 34 der Ausgabe Nr. 5\/2013 habe ich mit gro\u00dfem Interesse gelesen.<\/p>\n<p>Insgesamt gesehen vermisse ich Ausf\u00fchrungen dazu, da\u00df auch die sog. Siegerm\u00e4chte eine Menge von Kunstgegenst\u00e4nden &#8222;entf\u00fchrt&#8220; bzw. wider\u00adrechtlich an sich genommen (sprich: gestohlen) haben, deren heutige Werte nach den Einsch\u00e4t\u00adzungen von Fachleuten die Werte der von den Nationalsozialisten angeblich konfiszierten Kunst\u00adgegenst\u00e4nden bei weitem \u00fcbersteigen soll!<\/p>\n<p>Was veranla\u00dfte Sie als Redakteur des SPIEGEL, unter W\u00fcrdigung des Gebotes der Fairne\u00df nicht einmal diesen hier zuvor erw\u00e4hnten Aspekt in Ihrem Artikel angedeutet zu haben? Oder geh\u00f6ren Sie auch zu den &#8222;Duckm\u00e4usen&#8220;, weil Deutschland z. B. auf\u00adgrund der Aussagen des ehemaligen 1. Mannes des MAD nach 1955 &#8211; <em><strong>des Herrn Komossa<\/strong><\/em> &#8211; bis zum Ende 2099 (150 Jahre nach Ende des Weltkrieg II.) u. a. keine volle Souver\u00e4nit\u00e4t besitzt und auch bis dahin keine vom Volk gew\u00e4hlte Verfassung sein Eigen nennen kann bzw. darf, obwohl lt. GG Art. 20, Abs. 2 schon jetzt &#8222;alle Macht vom Volke ausgehen soll&#8220;?<\/p>\n<p>Ich mu\u00df annehmen, da\u00df Sie auch wie viele andere Redakteure der \u201aSystem-Medien&#8216; verpflichtet sind, alles M\u00f6gliche gegen unser Deutschland gerichtete und w\u00e4hrend der Zeit von 1933 bis 1945 vermeintlich Geschehene noch heute nach mehr als 67 Jahren lang und breit in entsprechenden Artikeln niederzuschreiben! M\u00fcssen wir uns immer noch &#8222;Asche auf\u2019\u2019s Haupt streuen&#8220;, obwohl wir im Rahmen der NATO und der EU auch f\u00fcr andere Nationen oftmals &#8222;den Karren aus dem Dreck ziehen, ja unbedingt weiter ziehen sollen&#8220; und seit 1949 umgerechnet mehr als 6.000 Milliarden EURO f\u00fcr alle m\u00f6glichen Verpflichtungen gegen\u00fcber anderen Nationen, Institutionen wie EU, Weltbank, IWF, UNO, Entwicklungs- sowie Zuwandererhilfen u. v. a. m. bezahlt haben? Das gemittelte BIP betrug in all den hierf\u00fcr in Betracht kommenden Jahren nicht mehr als 800 Milliarden EURO j\u00e4hrlich!<\/p>\n<p>Es ist nach meiner festen \u00dcberzeugung angesagt, da\u00df wir Deutsche endlich wieder ein wohlverstandenes gegen niemanden gerichtetes Selbstwertgef\u00fchl entwickeln, um \u00fcberhaupt noch als Volk eine \u00dcberlebenschance zu haben und demzufolge die Ereignisse in dem sog. 3. Reich den <em><strong>k\u00fcnftigen unabh\u00e4ngigen Historikern <\/strong><\/em>\u00fcberlassen, da die derzeitige Geschichtsschreibung ohnehin leider von den Siegerm\u00e4chten allein diktiert worden ist!!!<\/p>\n<p><u>Aber trotz allem<\/u>: Auch hierzu wird letztendlich <em><strong>&gt;die Wahrheit obsiegen&lt;, <\/strong><\/em>denn aufgrund der Aussagen des ehemaligen Bundeswehr-Generalmajors <em><strong>&gt;Schulze-Rohnhof&lt;<\/strong><\/em> haben beide Weltkriege im vergangenen Jahrhundert <em><strong>viele V\u00e4ter, <\/strong><\/em>wie er es ausdr\u00fcckt und begr\u00fcndet.<\/p>\n<p>Abschlie\u00dfend merke ich an, dass ich weder eine LINKE noch eine RECHTE politische Lebenseinstel\u00adlung habe, sondern ein durch und durch Deutscher mit absolut demokratischer Gesinnung bin!<\/p>\n<p>DER SPIEGEL wird meinerseits bevollm\u00e4chtigt, meine Einlassung <u>insgesamt<\/u> entsprechend zu ver\u00f6ffentlichen.<\/p>\n<p>&nbsp;<\/p>\n<p>Abschlie\u00dfend zu Ihrer Information: Mein SPIEGEL- Abo l\u00e4uft in Ihrem Hause seit mehr als 15 Jahren.<\/p>\n<p>&nbsp;<\/p>\n<p>Hochachtungsvoll<\/p>\n<p>Alfred Kuhlemann, Dipl.- Ing.<\/p>\n","protected":false},"excerpt":{"rendered":"<p>Leserbrief DER SPIEGEL Betreff: Ausgabe Nr. 5 v. 28.01.2013: Titel: Das Nazi- Erbe in deuschen Museen Datum: Mon, 04 Feb 2013 15:10:16 +0100 Sehr geehrter Herr Winter, Ihren auf 10 Seiten verfa\u00dften Beitrag ab der Seite 34 der Ausgabe Nr. 5\/2013 habe ich mit gro\u00dfem Interesse gelesen. Insgesamt gesehen vermisse ich Ausf\u00fchrungen dazu, da\u00df auch &hellip; <a href=\"http:\/\/deutsche-partei-dp.de\/?p=388\" class=\"more-link\"><span class=\"screen-reader-text\">\u201eLeserbrief, Der Spiegel: Das Nazi-Erbe der deutschen Museen\u201c<\/span> weiterlesen<\/a><\/p>\n","protected":false},"author":2,"featured_media":0,"comment_status":"open","ping_status":"open","sticky":false,"template":"","format":"standard","meta":{"_editorskit_title_hidden":false,"_editorskit_reading_time":0,"_editorskit_is_block_options_detached":false,"_editorskit_block_options_position":"{}"},"categories":[1],"tags":[228,230,226,223,224,231,222,227,225,229],"_links":{"self":[{"href":"http:\/\/deutsche-partei-dp.de\/index.php?rest_route=\/wp\/v2\/posts\/388"}],"collection":[{"href":"http:\/\/deutsche-partei-dp.de\/index.php?rest_route=\/wp\/v2\/posts"}],"about":[{"href":"http:\/\/deutsche-partei-dp.de\/index.php?rest_route=\/wp\/v2\/types\/post"}],"author":[{"embeddable":true,"href":"http:\/\/deutsche-partei-dp.de\/index.php?rest_route=\/wp\/v2\/users\/2"}],"replies":[{"embeddable":true,"href":"http:\/\/deutsche-partei-dp.de\/index.php?rest_route=%2Fwp%2Fv2%2Fcomments&post=388"}],"version-history":[{"count":2,"href":"http:\/\/deutsche-partei-dp.de\/index.php?rest_route=\/wp\/v2\/posts\/388\/revisions"}],"predecessor-version":[{"id":390,"href":"http:\/\/deutsche-partei-dp.de\/index.php?rest_route=\/wp\/v2\/posts\/388\/revisions\/390"}],"wp:attachment":[{"href":"http:\/\/deutsche-partei-dp.de\/index.php?rest_route=%2Fwp%2Fv2%2Fmedia&parent=388"}],"wp:term":[{"taxonomy":"category","embeddable":true,"href":"http:\/\/deutsche-partei-dp.de\/index.php?rest_route=%2Fwp%2Fv2%2Fcategories&post=388"},{"taxonomy":"post_tag","embeddable":true,"href":"http:\/\/deutsche-partei-dp.de\/index.php?rest_route=%2Fwp%2Fv2%2Ftags&post=388"}],"curies":[{"name":"wp","href":"https:\/\/api.w.org\/{rel}","templated":true}]}}