{"id":341,"date":"2013-11-05T10:51:18","date_gmt":"2013-11-05T09:51:18","guid":{"rendered":"http:\/\/deutsche-partei-dp.de\/?p=341"},"modified":"2022-02-06T12:41:23","modified_gmt":"2022-02-06T11:41:23","slug":"gesellschaft-findet-in-deutschland-eine-umvolkung-statt","status":"publish","type":"post","link":"http:\/\/deutsche-partei-dp.de\/?p=341","title":{"rendered":"Gesellschaft, Findet in Deutschland eine Umvolkung statt?"},"content":{"rendered":"<p><strong>Gesellschaft: \u00a0\u00a0\u00a0\u00a0\u00a0\u00a0\u00a0\u00a0\u00a0\u00a0\u00a0\u00a0\u00a0\u00a0\u00a0\u00a0\u00a0\u00a0\u00a0\u00a0\u00a0\u00a0\u00a0\u00a0\u00a0\u00a0\u00a0\u00a0\u00a0\u00a0\u00a0\u00a0\u00a0\u00a0\u00a0\u00a0\u00a0\u00a0\u00a0\u00a0\u00a0\u00a0\u00a0\u00a0\u00a0\u00a0\u00a0\u00a0\u00a0\u00a0\u00a0\u00a0\u00a0\u00a0\u00a0\u00a0\u00a0\u00a0\u00a0\u00a0\u00a0\u00a0\u00a0\u00a0\u00a0\u00a0\u00a0\u00a0\u00a0\u00a0\u00a0\u00a0\u00a0\u00a0\u00a0\u00a0\u00a0\u00a0\u00a0\u00a0\u00a0\u00a0\u00a0\u00a0\u00a0\u00a0\u00a0\u00a0 <\/strong>(G.-U. Dahlmann)<\/p>\n<p>Findet in Deutschland eine Umvolkung statt?<\/p>\n<p>Aus aller Welt str\u00f6men Fl\u00fcchtlingsscharen Richtung Europa. Angeblich verfolgt und gemartert, hungrig und ausgezehrt. Dabei kostet ein Transport mit einem Schlepper leicht mehrere tausend Euro pro Person; davon kann man in vielen afrikanischen L\u00e4ndern eine ganze Weile gut leben. Die Verfolgten, die den Weg seltsam schnell ins deutsche Sozialnetz finden, beklagen sich lauthals (s. Hamburg), wie schlecht sie hier behandelt werden. Nanu? Waren sie eben nicht erst noch um ihr Leben gerannt und sollten dankbar sein, wenigstens in einem sicheren Lager Unterkunft gefunden zu haben? Wie ist das \u00fcberzogene Anspruchsverhalten zu erkl\u00e4ren? Nun, die Einwanderungsindustrie, die unter dem Deckmantel der Humanit\u00e4t ihr Gesch\u00e4ft betreibt, sorgt f\u00fcr den Krawall, denn die \u201eVertriebenen\u201c(??), wie es dann pl\u00f6tzlich hei\u00dft, sollen ja hier bleiben und uns bereichern (Neusprech!).<\/p>\n<p>Wer wagt, nach den Bildern von Lampedusa eine gegenteilige Meinung zu haben? Wer fragt nach den bezahlten Schleppern in Nordafrika oder sonstwo und wer zeigt mit dem Finger auf die Ermunterer und Helfershelfer, die hierzulande, gutbezahlt nat\u00fcrlich, sich besorgt um die \u201eZuwanderer\u201c k\u00fcmmern?<\/p>\n<p>Die westliche Wertegemeinschaft hat ganz Nordafrika in Brand gesteckt, um dort Demokratie und Menschenrechte einzuf\u00fchren. Nun haben diese Staaten, Irak, Libyen, Tunesien, \u00c4gypten etc. Demokratie. Warum m\u00fcssen deren B\u00fcrger dann noch fl\u00fcchten? Auch die Fl\u00fcchtlinge oder Vertriebenen aus dem Inneren Afrikas m\u00fcssen doch nicht unbedingt ins ferne kalte Europa ziehen. Gibt es nicht auch in Afrika gen\u00fcgend Demokratien?\u00a0\u00a0\u00a0\u00a0\u00a0\u00a0\u00a0\u00a0\u00a0\u00a0\u00a0\u00a0\u00a0\u00a0\u00a0\u00a0\u00a0\u00a0\u00a0\u00a0\u00a0\u00a0\u00a0\u00a0\u00a0\u00a0\u00a0\u00a0\u00a0\u00a0\u00a0\u00a0\u00a0\u00a0\u00a0\u00a0\u00a0\u00a0\u00a0\u00a0\u00a0\u00a0\u00a0\u00a0\u00a0\u00a0\u00a0\u00a0\u00a0\u00a0\u00a0\u00a0\u00a0\u00a0\u00a0\u00a0\u00a0\u00a0\u00a0\u00a0\u00a0\u00a0\u00a0\u00a0\u00a0\u00a0\u00a0\u00a0\u00a0 In der UNO sitzen die afrikanischen Staaten, die alle stimmberechtigt sind. Oder ist die UNO voll von Ganoven aus Gangsterstaaten? Diese Staaten verabschieden Resolutionen und erteilen Mandate, um andere Staaten zur R\u00e4son zu bringen. Aber ihren eigenen B\u00fcrgern fehlen Menschenrechte, sie sind hungern, sie fl\u00fcchten.<\/p>\n<p>Die Afrikanische Union, \u00fcber 50 Mitgliedstaaten, hat sich zu Lampedusa nicht ge\u00e4u\u00dfert, sich noch nicht einmal mit dem Thema besch\u00e4ftigt.<\/p>\n<p>Kein Mensch m\u00fc\u00dfte ertrinken, wenn die wirklich Bedrohten in der N\u00e4he ihrer Heimat an einem sicheren Ort versorgt w\u00fcrden, bis in ihrer Heimat die Verh\u00e4ltnisse stabil sind! Da\u00df diese L\u00e4nder nicht genug Geld h\u00e4tten, die Fl\u00fcchtlinge zu versorgen, kann man nicht gelten lassen, denn die Weltgemeinschaft, die heute schon immens viel aufbringt f\u00fcr die Rettung und Versorgung, k\u00f6nnte mit einem Bruchteil dieses Geldes, die Aufnehmerstaaten zufrieden stellen.<\/p>\n<p>Dies alles sind nun keine genialen Ideen, darauf kann jeder kommen!<\/p>\n<p>Verschw\u00f6rungstheorien hin oder her, die Regierenden oder die, die die Regierenden regieren, wollen die V\u00f6lker Europas ver\u00e4ndern. Wenn die ganze Geschichte der Europ\u00e4er schlecht war, angefangen bei den Kreuzrittern, \u00fcber den Handel mit afrikanischen Sklaven bis hin zur Kolonisierung der \u00fcbrigen Welt, dann mu\u00df man wohl zum Wohle der Menschheit diese V\u00f6lker austauschen. Allerdings haben die Kreuzritter das Heilige Land von den arabischen Eroberern zun\u00e4chst zur\u00fcckerobert und die Araber waren brutale Sklavenh\u00e4scher, auch haben die asiatischen und arabischen V\u00f6lker andere V\u00f6lker unterdr\u00fcckt und ausgebeutet. Die Europ\u00e4er waren lediglich die erfolgreichsten. Aber die Geschichte kann man ja so oder so schreiben, wie wir Deutschen ja aus leidvoller Erfahrung wissen.<\/p>\n<p>Die Regierenden oder die, die die Regierenden regieren, und ihre abh\u00e4ngigen B\u00fcttel bei den Medien und der Justiz werden alles tun, um die aufzuhalten, die diese Umvolkung verhindern wollen. Gegebenenfalls wird man eben auch mal ein paar tausend Uneinsichtige(!) in Betreuungsgewahrsam (nat\u00fcrlich nicht KZs) nehmen, um sie erziehungspolitisch auf das richtige Denken zu schulen.<\/p>\n","protected":false},"excerpt":{"rendered":"<p>Gesellschaft: \u00a0\u00a0\u00a0\u00a0\u00a0\u00a0\u00a0\u00a0\u00a0\u00a0\u00a0\u00a0\u00a0\u00a0\u00a0\u00a0\u00a0\u00a0\u00a0\u00a0\u00a0\u00a0\u00a0\u00a0\u00a0\u00a0\u00a0\u00a0\u00a0\u00a0\u00a0\u00a0\u00a0\u00a0\u00a0\u00a0\u00a0\u00a0\u00a0\u00a0\u00a0\u00a0\u00a0\u00a0\u00a0\u00a0\u00a0\u00a0\u00a0\u00a0\u00a0\u00a0\u00a0\u00a0\u00a0\u00a0\u00a0\u00a0\u00a0\u00a0\u00a0\u00a0\u00a0\u00a0\u00a0\u00a0\u00a0\u00a0\u00a0\u00a0\u00a0\u00a0\u00a0\u00a0\u00a0\u00a0\u00a0\u00a0\u00a0\u00a0\u00a0\u00a0\u00a0\u00a0\u00a0\u00a0\u00a0\u00a0 (G.-U. Dahlmann) Findet in Deutschland eine Umvolkung statt? Aus aller Welt str\u00f6men Fl\u00fcchtlingsscharen Richtung Europa. Angeblich verfolgt und gemartert, hungrig und ausgezehrt. Dabei kostet ein Transport mit einem Schlepper leicht mehrere tausend Euro pro Person; davon kann man in vielen afrikanischen L\u00e4ndern eine ganze Weile gut leben. Die Verfolgten, die den Weg seltsam &hellip; <a href=\"http:\/\/deutsche-partei-dp.de\/?p=341\" class=\"more-link\"><span class=\"screen-reader-text\">\u201eGesellschaft, Findet in Deutschland eine Umvolkung statt?\u201c<\/span> weiterlesen<\/a><\/p>\n","protected":false},"author":2,"featured_media":0,"comment_status":"open","ping_status":"open","sticky":false,"template":"","format":"standard","meta":{"_editorskit_title_hidden":false,"_editorskit_reading_time":0,"_editorskit_is_block_options_detached":false,"_editorskit_block_options_position":"{}"},"categories":[802,301,806],"tags":[137,139,136,140,141,138],"_links":{"self":[{"href":"http:\/\/deutsche-partei-dp.de\/index.php?rest_route=\/wp\/v2\/posts\/341"}],"collection":[{"href":"http:\/\/deutsche-partei-dp.de\/index.php?rest_route=\/wp\/v2\/posts"}],"about":[{"href":"http:\/\/deutsche-partei-dp.de\/index.php?rest_route=\/wp\/v2\/types\/post"}],"author":[{"embeddable":true,"href":"http:\/\/deutsche-partei-dp.de\/index.php?rest_route=\/wp\/v2\/users\/2"}],"replies":[{"embeddable":true,"href":"http:\/\/deutsche-partei-dp.de\/index.php?rest_route=%2Fwp%2Fv2%2Fcomments&post=341"}],"version-history":[{"count":1,"href":"http:\/\/deutsche-partei-dp.de\/index.php?rest_route=\/wp\/v2\/posts\/341\/revisions"}],"predecessor-version":[{"id":342,"href":"http:\/\/deutsche-partei-dp.de\/index.php?rest_route=\/wp\/v2\/posts\/341\/revisions\/342"}],"wp:attachment":[{"href":"http:\/\/deutsche-partei-dp.de\/index.php?rest_route=%2Fwp%2Fv2%2Fmedia&parent=341"}],"wp:term":[{"taxonomy":"category","embeddable":true,"href":"http:\/\/deutsche-partei-dp.de\/index.php?rest_route=%2Fwp%2Fv2%2Fcategories&post=341"},{"taxonomy":"post_tag","embeddable":true,"href":"http:\/\/deutsche-partei-dp.de\/index.php?rest_route=%2Fwp%2Fv2%2Ftags&post=341"}],"curies":[{"name":"wp","href":"https:\/\/api.w.org\/{rel}","templated":true}]}}