{"id":286,"date":"2014-12-04T09:52:00","date_gmt":"2014-12-04T08:52:00","guid":{"rendered":"http:\/\/deutsche-partei-dp.de\/?p=286"},"modified":"2022-01-20T17:01:59","modified_gmt":"2022-01-20T16:01:59","slug":"gesellschaft-ungleichbehandlungen","status":"publish","type":"post","link":"http:\/\/deutsche-partei-dp.de\/?p=286","title":{"rendered":"Gesellschaft, Ungleichbehandlungen"},"content":{"rendered":"<p><strong>Gesellschaft:\u00a0\u00a0\u00a0\u00a0\u00a0\u00a0\u00a0\u00a0\u00a0\u00a0\u00a0\u00a0\u00a0\u00a0\u00a0\u00a0\u00a0\u00a0\u00a0\u00a0\u00a0\u00a0\u00a0\u00a0\u00a0\u00a0\u00a0\u00a0\u00a0\u00a0\u00a0\u00a0\u00a0\u00a0\u00a0\u00a0\u00a0\u00a0\u00a0\u00a0\u00a0\u00a0\u00a0\u00a0\u00a0\u00a0\u00a0\u00a0 <\/strong>GUD<\/p>\n<p>W\u00e4hrend eine Unzahl von Lobbyverb\u00e4nden und die politische Klasse in Deutschland sich r\u00fchrend um Asylanten und Wirtschaftsfl\u00fcchtlinge k\u00fcmmern, scheint dieser Klasse die Armut im eigenen Volk egal zu sein.<\/p>\n<p>F\u00fcr Asylanten und Wirtschaftsfl\u00fcchtlinge werden komfortable Wohnungen mit nagelneuen E-Herden, K\u00fchlschr\u00e4nken, Fernsehern und Waschmaschinen eingerichtet, die, wenn die Bereicherer einmal die Wohnung wieder verlassen, zum Teil v\u00f6llig demoliert zur\u00fcckgelassen werden. Entsprechende Bilder waren im Internet zu begutachten.<\/p>\n<p>Die Bundesarbeitsgemeinschaft Wohnungslosenhilfe e.V. (BAG W) berichtet, da\u00df etwa 300.000 Menschen in Deutschland ohne Wohnung sind, davon ca. 32.000 Kinder. Bis 2016 rechnet die BAG W mit einem Anstieg um 30 Prozent.<\/p>\n<p>Etwa 30.000 Obdachlose sind bei den deutschen Beh\u00f6rden registriert. Sie schlafen auch im Winter in Pappkartons mit Zeitungen zugedeckt. Europaweit sind im Winter 2012\/13 ca. 300 Obdachlose erfroren.<\/p>\n<p>Man kann einwenden, da\u00df diese Menschen selbst schuld sind an ihrem Mi\u00dfstand; sie k\u00f6nnten ja schlie\u00df\u00adlich arbeiten gehen. Aber wer kennt ihre Schicksale?<\/p>\n<p>Und gibt es denn wirklich f\u00fcr alle Arbeit? Millionen von Menschen in Deutschland arbeiten heute bereits nur in Mini- oder in Teilzeitjobs.<\/p>\n<p>Die gesuchten Fachkr\u00e4fte, die aus dem Ausland zu uns kamen, erschienen als ein Rinnsal, w\u00e4hrend sich ein rei\u00dfender Strom von Wirtschaftsfl\u00fcchtlingen \u00fcber das Land ergo\u00df, die sich bestens versorgen lassen und teils h\u00f6chste Anspr\u00fcche stellen.<\/p>\n<p>&nbsp;<\/p>\n","protected":false},"excerpt":{"rendered":"<p>Gesellschaft:\u00a0\u00a0\u00a0\u00a0\u00a0\u00a0\u00a0\u00a0\u00a0\u00a0\u00a0\u00a0\u00a0\u00a0\u00a0\u00a0\u00a0\u00a0\u00a0\u00a0\u00a0\u00a0\u00a0\u00a0\u00a0\u00a0\u00a0\u00a0\u00a0\u00a0\u00a0\u00a0\u00a0\u00a0\u00a0\u00a0\u00a0\u00a0\u00a0\u00a0\u00a0\u00a0\u00a0\u00a0\u00a0\u00a0\u00a0\u00a0 GUD W\u00e4hrend eine Unzahl von Lobbyverb\u00e4nden und die politische Klasse in Deutschland sich r\u00fchrend um Asylanten und Wirtschaftsfl\u00fcchtlinge k\u00fcmmern, scheint dieser Klasse die Armut im eigenen Volk egal zu sein. F\u00fcr Asylanten und Wirtschaftsfl\u00fcchtlinge werden komfortable Wohnungen mit nagelneuen E-Herden, K\u00fchlschr\u00e4nken, Fernsehern und Waschmaschinen eingerichtet, die, wenn die Bereicherer einmal die Wohnung wieder verlassen, &hellip; <a href=\"http:\/\/deutsche-partei-dp.de\/?p=286\" class=\"more-link\"><span class=\"screen-reader-text\">\u201eGesellschaft, Ungleichbehandlungen\u201c<\/span> weiterlesen<\/a><\/p>\n","protected":false},"author":2,"featured_media":0,"comment_status":"open","ping_status":"open","sticky":false,"template":"","format":"standard","meta":{"_editorskit_title_hidden":false,"_editorskit_reading_time":0,"_editorskit_is_block_options_detached":false,"_editorskit_block_options_position":"{}"},"categories":[802,301,300],"tags":[],"_links":{"self":[{"href":"http:\/\/deutsche-partei-dp.de\/index.php?rest_route=\/wp\/v2\/posts\/286"}],"collection":[{"href":"http:\/\/deutsche-partei-dp.de\/index.php?rest_route=\/wp\/v2\/posts"}],"about":[{"href":"http:\/\/deutsche-partei-dp.de\/index.php?rest_route=\/wp\/v2\/types\/post"}],"author":[{"embeddable":true,"href":"http:\/\/deutsche-partei-dp.de\/index.php?rest_route=\/wp\/v2\/users\/2"}],"replies":[{"embeddable":true,"href":"http:\/\/deutsche-partei-dp.de\/index.php?rest_route=%2Fwp%2Fv2%2Fcomments&post=286"}],"version-history":[{"count":1,"href":"http:\/\/deutsche-partei-dp.de\/index.php?rest_route=\/wp\/v2\/posts\/286\/revisions"}],"predecessor-version":[{"id":287,"href":"http:\/\/deutsche-partei-dp.de\/index.php?rest_route=\/wp\/v2\/posts\/286\/revisions\/287"}],"wp:attachment":[{"href":"http:\/\/deutsche-partei-dp.de\/index.php?rest_route=%2Fwp%2Fv2%2Fmedia&parent=286"}],"wp:term":[{"taxonomy":"category","embeddable":true,"href":"http:\/\/deutsche-partei-dp.de\/index.php?rest_route=%2Fwp%2Fv2%2Fcategories&post=286"},{"taxonomy":"post_tag","embeddable":true,"href":"http:\/\/deutsche-partei-dp.de\/index.php?rest_route=%2Fwp%2Fv2%2Ftags&post=286"}],"curies":[{"name":"wp","href":"https:\/\/api.w.org\/{rel}","templated":true}]}}