{"id":252,"date":"2015-03-30T10:37:47","date_gmt":"2015-03-30T08:37:47","guid":{"rendered":"http:\/\/deutsche-partei-dp.de\/?p=252"},"modified":"2022-01-20T16:34:24","modified_gmt":"2022-01-20T15:34:24","slug":"ingrieds-kaffeekraenzchen","status":"publish","type":"post","link":"http:\/\/deutsche-partei-dp.de\/?p=252","title":{"rendered":"Ingrieds Kaffeekr\u00e4nzchen"},"content":{"rendered":"<p><strong>Ingrieds Kaffeekr\u00e4nzchen:<\/strong><\/p>\n<p>(von Ingried Morgen)<\/p>\n<p>Wir sa\u00dfen wieder einmal bei Kaffee und Kuchen zusammen und sprachen \u00fcber die neuste Fr\u00fchjahrsmode und \u00fcber dies und das. Nat\u00fcrlich blieb auch die Politik nicht aus.<\/p>\n<p>Eine Freundin meinte, man sollte den Griechen doch die zehn Milliarden bezahlen, schlie\u00dflich haben wir ihnen doch damals w\u00e4hrend des Krieges diesen Kredit aufgezwungen, da ist es nur recht, da\u00df wir das nun zur\u00fcckzahlen.<\/p>\n<p>\u201eGanz meiner Meinung.\u201c, sagte ich. \u201eDie Griechen sollten sich die zehn Milliarden von den &#8211; Wie viel waren es noch? &#8211; sagen wir, einhundert Milliarden, die sie uns bereits schulden, einfach abziehen. Die restlichen neunzig Milliarden bekommen wir sowieso nie zur\u00fcck. Also bitte, liebe Griechen, ihr habt sie ja schon.\u201c<\/p>\n<p>\u201eAber\u201c meinte eine andere Freundin, \u201edann werden andere L\u00e4nder auch noch auf die Idee kommen Reparationkosten zu fordern.<\/p>\n<p>\u201eAch ja, welche denn? Polen vielleicht? Wie viel h\u00e4tten die Polen denn gern, hundert Milliarden? Bitte gerne. Wir w\u00fcrden aber dann gegenrechnen, den Landwert von Ostpreu\u00dfen, Schlesien und Pommern, zuz\u00fcglich der Immobilien und deren Inventar. Wir wollen ja nicht kleinlich sein, sagen wir f\u00fcnf Billionen, die uns die Polen dann schulden, nat\u00fcrlich abz\u00fcglich der hundert Milliarden, die sie von uns zu bekommen haben. \u00c4hnliches gilt auch f\u00fcr die Tschechen. Wer hat denn noch Forderungen, die USA vielleicht? M\u00f6chten die vielleicht auch hundert Milliarden haben. Warum nicht? Aber auch hier m\u00fc\u00dften wir die Patent\u00adgeb\u00fchren, die sie durch unsere von ihnen konfiszier\u00adten Patente eingenommen haben, gegenrechnen. Also auch die schulden uns noch etwas.<\/p>\n<p>Wer noch, Brasilien? Die haben sich sogar aktiv an unserer Befreiung beteiligt. Wie viel Soldaten waren es drei Mann oder doch drei\u00dfig? Jedenfalls hatten sie Kosten, die sie nun eintreiben d\u00fcrfen. Allerdings hatten die Brasilianer damals deutschen Besitz enteignet, wie auch die Peruaner, Argentinier und alle anderen, die noch zu guter Letzt auf den Befreiungszug gesprungen waren.<\/p>\n<p>Wenn man alles so zusammenrechnet, kommen wir auf Betr\u00e4ge, die den Deutschen alle Hypotheken oder sonstige Schulden tilgen und ihnen erlauben, drei volle Jahre auf Arbeit zu verzichten und in den Luxusurlaub nach \u00dcbersee zu fahren.<\/p>\n","protected":false},"excerpt":{"rendered":"<p>Ingrieds Kaffeekr\u00e4nzchen: (von Ingried Morgen) Wir sa\u00dfen wieder einmal bei Kaffee und Kuchen zusammen und sprachen \u00fcber die neuste Fr\u00fchjahrsmode und \u00fcber dies und das. Nat\u00fcrlich blieb auch die Politik nicht aus. Eine Freundin meinte, man sollte den Griechen doch die zehn Milliarden bezahlen, schlie\u00dflich haben wir ihnen doch damals w\u00e4hrend des Krieges diesen Kredit &hellip; <a href=\"http:\/\/deutsche-partei-dp.de\/?p=252\" class=\"more-link\"><span class=\"screen-reader-text\">\u201eIngrieds Kaffeekr\u00e4nzchen\u201c<\/span> weiterlesen<\/a><\/p>\n","protected":false},"author":2,"featured_media":0,"comment_status":"open","ping_status":"open","sticky":false,"template":"","format":"standard","meta":{"_editorskit_title_hidden":false,"_editorskit_reading_time":0,"_editorskit_is_block_options_detached":false,"_editorskit_block_options_position":"{}"},"categories":[302,792,300],"tags":[45,44],"_links":{"self":[{"href":"http:\/\/deutsche-partei-dp.de\/index.php?rest_route=\/wp\/v2\/posts\/252"}],"collection":[{"href":"http:\/\/deutsche-partei-dp.de\/index.php?rest_route=\/wp\/v2\/posts"}],"about":[{"href":"http:\/\/deutsche-partei-dp.de\/index.php?rest_route=\/wp\/v2\/types\/post"}],"author":[{"embeddable":true,"href":"http:\/\/deutsche-partei-dp.de\/index.php?rest_route=\/wp\/v2\/users\/2"}],"replies":[{"embeddable":true,"href":"http:\/\/deutsche-partei-dp.de\/index.php?rest_route=%2Fwp%2Fv2%2Fcomments&post=252"}],"version-history":[{"count":1,"href":"http:\/\/deutsche-partei-dp.de\/index.php?rest_route=\/wp\/v2\/posts\/252\/revisions"}],"predecessor-version":[{"id":253,"href":"http:\/\/deutsche-partei-dp.de\/index.php?rest_route=\/wp\/v2\/posts\/252\/revisions\/253"}],"wp:attachment":[{"href":"http:\/\/deutsche-partei-dp.de\/index.php?rest_route=%2Fwp%2Fv2%2Fmedia&parent=252"}],"wp:term":[{"taxonomy":"category","embeddable":true,"href":"http:\/\/deutsche-partei-dp.de\/index.php?rest_route=%2Fwp%2Fv2%2Fcategories&post=252"},{"taxonomy":"post_tag","embeddable":true,"href":"http:\/\/deutsche-partei-dp.de\/index.php?rest_route=%2Fwp%2Fv2%2Ftags&post=252"}],"curies":[{"name":"wp","href":"https:\/\/api.w.org\/{rel}","templated":true}]}}