{"id":250,"date":"2015-03-30T09:52:14","date_gmt":"2015-03-30T07:52:14","guid":{"rendered":"http:\/\/deutsche-partei-dp.de\/?p=250"},"modified":"2022-01-20T16:43:49","modified_gmt":"2022-01-20T15:43:49","slug":"meinung-szenario-unterwerfung","status":"publish","type":"post","link":"http:\/\/deutsche-partei-dp.de\/?p=250","title":{"rendered":"Meinung, Szenario-Unterwerfung"},"content":{"rendered":"<p><strong>Unterwerfung:<\/strong><\/p>\n<p>\u201e\u2026ihr werdet es nicht verhindern k\u00f6nnen, da\u00df bald ein t\u00fcrkischsprachiger Richter \u00fcber Euch das Urteil f\u00e4llt, ein pakistanischer Arzt Eure Krankheit heilt, ein Tamile im Parlament Eure Gesetze mit verabschiedet und ein Bulgare der Bill Gates Eurer New Economy wird.<\/p>\n<p>Nicht ihr werdet die Gesellschaft internationalisieren, sondern wir werden es tun \u2013 f\u00fcr Euch. Ihr seid bei diesem leidvollen Proze\u00df lediglich Zaung\u00e4ste, l\u00e4stige Gaffer. Wir werden die deutsche Gesellschaft in Ost und West ver\u00e4ndern. Wir Ausl\u00e4nder.\u201c<\/p>\n<p>Walid Nakschbandi, afghanische Herkunft, Gesch\u00e4ftsf\u00fchrer der Fernsehproduktionsfirma AVE in der <em>S\u00fcddeutschen Zeitung<\/em> 19. Sept. 2000<\/p>\n<p>&nbsp;<\/p>\n<p><strong><strong>Meinung: \u00a0\u00a0\u00a0\u00a0\u00a0\u00a0\u00a0\u00a0\u00a0\u00a0\u00a0\u00a0\u00a0\u00a0\u00a0\u00a0\u00a0\u00a0\u00a0\u00a0\u00a0\u00a0\u00a0\u00a0\u00a0\u00a0\u00a0\u00a0\u00a0\u00a0\u00a0\u00a0\u00a0\u00a0\u00a0\u00a0\u00a0\u00a0\u00a0\u00a0\u00a0\u00a0\u00a0\u00a0\u00a0\u00a0\u00a0\u00a0\u00a0\u00a0\u00a0\u00a0\u00a0\u00a0\u00a0\u00a0\u00a0\u00a0\u00a0\u00a0\u00a0\u00a0\u00a0\u00a0\u00a0\u00a0\u00a0\u00a0\u00a0\u00a0\u00a0\u00a0\u00a0\u00a0\u00a0\u00a0\u00a0\u00a0\u00a0\u00a0\u00a0\u00a0\u00a0\u00a0\u00a0\u00a0\u00a0\u00a0\u00a0\u00a0\u00a0\u00a0\u00a0\u00a0\u00a0\u00a0\u00a0\u00a0\u00a0\u00a0\u00a0\u00a0\u00a0\u00a0\u00a0 <\/strong><\/strong>HSt<\/p>\n<p>Wenn ein Islamist Frankreich regiert!<\/p>\n<p>Der franz\u00f6sische Erfolgsautor Michel Houellebecq l\u00f6ste mit seinem Anfang 2015 ver\u00f6ffentlichten Buch \u201eUnterwerfung\u201c, in dem er futuristisch f\u00fcr das Jahr 2022 einen Islamisten im Amt des franz\u00f6sischen Staatspr\u00e4sidenten sieht, eine breite Diskussion aus.<\/p>\n<p>Neu ist ein solcher Gedankenansatz nicht!<\/p>\n<p>Anl\u00e4\u00dflich der Forderung des Gr\u00fcnen-Chefs \u00d6zdemir vom November 2008 (Quelle: Celleschen Zeitung vom 25. November 2008, \u201e\u00d6zdemir will in Schulen mehr t\u00fcrkisch\u201c) nach \u201eT\u00fcrkisch\u201c-Unterricht in Schulen formulierte ich zu diesem Thema eine Leseranmerkung f\u00fcr die Cellesche Zeitung, die wegen der \u201epolitischen Korrektheit\u201c nicht ver\u00f6ffentlich wurde.<\/p>\n<p>Aus aktuellem Anla\u00df daher hier\u00a0 an dieser Stelle die entsprechenden Ausf\u00fchrungen:<\/p>\n<p>Nach dem Auseinanderbrechen der Gro\u00dfen Koalition der Wahlverlierer der Bundestagswahl 2036, bestehend aus \u201e<strong><strong>C<\/strong><\/strong>haos <strong><strong>D<\/strong><\/strong>urch <strong><strong>U<\/strong><\/strong>nf\u00e4higkeit\u201c und <strong><strong>S<\/strong><\/strong>ozialisten <strong><strong>P<\/strong><\/strong>l\u00fcndern <strong><strong>D<\/strong><\/strong>eutschland im Jahre 2038, standen Neuwahlen an.<\/p>\n<p>Der multikulturelle t\u00fcrkisch-kurdische und weltverbes\u00adsernde Block unter der F\u00fchrung vom politischen Iman (Vorbeter) Cem \u00d6zdemir erreichte die absolute Mehrheit im neuen (deutschen?) Parlament.<\/p>\n<p>Zum Kanzler wurde Ismir \u00dcbel-Machmala gew\u00e4hlt; in sein 12-k\u00f6pfiges Kabinett berief er 8 Islamisten mit teils t\u00fcrkischem und kurdischen Migrationshintergrund und ungen\u00fcgenden Deutschkenntnissen.<\/p>\n<p>Die erste Amtshandlung des neuen Kabinetts und der mehrheitlich nun t\u00fcrkisch-kurdischen Abgeordneten im deutschen Bundestag war die Abschaffung der deutschen Sprache als Amts-, Parlaments- und Umgangssprache zugunsten von T\u00fcrkisch und Kurdisch. Auch das Reichskonkordat von 1933 mit dem Vatikan wurde fristlos aufgek\u00fcndigt zugunsten der ungehinderten Ausbreitung und Festigung des Islam als dritter monotheistischer Weltreligion.<\/p>\n<p>Armes Deutschland \u2013 Dank an die geleistete Vorarbeit der vorausgegangenen politischen \u201eGute-Nacht-W\u00e4chter\u201c!<\/p>\n<p><strong>\u00a0<\/strong><\/p>\n<p>Die unter <strong><strong>Meinungen<\/strong><\/strong> vertretenen Artikel sind von deren Autoren in Eigenverantwortung geschrieben und spiegeln nicht in allen Punkten die Meinung der Redaktion wieder.<\/p>\n","protected":false},"excerpt":{"rendered":"<p>Unterwerfung: \u201e\u2026ihr werdet es nicht verhindern k\u00f6nnen, da\u00df bald ein t\u00fcrkischsprachiger Richter \u00fcber Euch das Urteil f\u00e4llt, ein pakistanischer Arzt Eure Krankheit heilt, ein Tamile im Parlament Eure Gesetze mit verabschiedet und ein Bulgare der Bill Gates Eurer New Economy wird. Nicht ihr werdet die Gesellschaft internationalisieren, sondern wir werden es tun \u2013 f\u00fcr Euch. &hellip; <a href=\"http:\/\/deutsche-partei-dp.de\/?p=250\" class=\"more-link\"><span class=\"screen-reader-text\">\u201eMeinung, Szenario-Unterwerfung\u201c<\/span> weiterlesen<\/a><\/p>\n","protected":false},"author":2,"featured_media":0,"comment_status":"open","ping_status":"open","sticky":false,"template":"","format":"standard","meta":{"_editorskit_title_hidden":false,"_editorskit_reading_time":0,"_editorskit_is_block_options_detached":false,"_editorskit_block_options_position":"{}"},"categories":[808],"tags":[],"_links":{"self":[{"href":"http:\/\/deutsche-partei-dp.de\/index.php?rest_route=\/wp\/v2\/posts\/250"}],"collection":[{"href":"http:\/\/deutsche-partei-dp.de\/index.php?rest_route=\/wp\/v2\/posts"}],"about":[{"href":"http:\/\/deutsche-partei-dp.de\/index.php?rest_route=\/wp\/v2\/types\/post"}],"author":[{"embeddable":true,"href":"http:\/\/deutsche-partei-dp.de\/index.php?rest_route=\/wp\/v2\/users\/2"}],"replies":[{"embeddable":true,"href":"http:\/\/deutsche-partei-dp.de\/index.php?rest_route=%2Fwp%2Fv2%2Fcomments&post=250"}],"version-history":[{"count":2,"href":"http:\/\/deutsche-partei-dp.de\/index.php?rest_route=\/wp\/v2\/posts\/250\/revisions"}],"predecessor-version":[{"id":301,"href":"http:\/\/deutsche-partei-dp.de\/index.php?rest_route=\/wp\/v2\/posts\/250\/revisions\/301"}],"wp:attachment":[{"href":"http:\/\/deutsche-partei-dp.de\/index.php?rest_route=%2Fwp%2Fv2%2Fmedia&parent=250"}],"wp:term":[{"taxonomy":"category","embeddable":true,"href":"http:\/\/deutsche-partei-dp.de\/index.php?rest_route=%2Fwp%2Fv2%2Fcategories&post=250"},{"taxonomy":"post_tag","embeddable":true,"href":"http:\/\/deutsche-partei-dp.de\/index.php?rest_route=%2Fwp%2Fv2%2Ftags&post=250"}],"curies":[{"name":"wp","href":"https:\/\/api.w.org\/{rel}","templated":true}]}}