{"id":231,"date":"2015-05-22T21:20:43","date_gmt":"2015-05-22T19:20:43","guid":{"rendered":"http:\/\/deutsche-partei-dp.de\/?p=231"},"modified":"2022-01-20T16:27:03","modified_gmt":"2022-01-20T15:27:03","slug":"leserbrief","status":"publish","type":"post","link":"http:\/\/deutsche-partei-dp.de\/?p=231","title":{"rendered":"Leserbrief"},"content":{"rendered":"<p><strong><u>Meinung:<\/u><\/strong><\/p>\n<p>Leserbrief an die Braunschweiger Zeitung<\/p>\n<ol start=\"8\">\n<li>Mai &#8211; Tag der Befreiung!<\/li>\n<\/ol>\n<p>Anbei ein Erlebnisbericht einer Zeitzeugin zum Tag der Befreiung.<\/p>\n<p>Herr Gauck l\u00e4utete ja gestern bereits die Jubelfeier ein, indem er der Sowjetarmee dankte, da\u00df sie uns von den Nazis befreite.<\/p>\n<p>Die Sowjets installierten dann auch umgehend das System DEUTSCHE DEMOKRATISCHE REPUBLIK, welches \u00fcber vierzig Jahre sich so hervorragend f\u00fcr Meinungsfreiheit und Menschenrechte, inklusive Staatssicherheit, einsetzte. Herr Gauck durfte unter diesem fabelhaften System leben und wirken, daher auch sein Dank. Schade nur, da\u00df dieses Befreiungssystem unterging.<\/p>\n<p>Oder doch nicht?<\/p>\n<p>Ich w\u00fcnsche allen Mainstream-Schreiberlingen zur Jubelfeier einen fr\u00f6hlichen Leichenschmaus.<\/p>\n<p>Na dann Prost!!<\/p>\n<p>G.-U. Dahlmann<\/p>\n<p><strong><u>Vertreibung: <\/u><\/strong><\/p>\n<p>Ja, das habe ich auch erlebt (kein Anhang), als damals achtj\u00e4hriger Junge in meiner nordm\u00e4hrischen Heimat. Und heute ist dieser &#8222;R\u00e4uberstaat &#8220; Mitglied der &#8222;Westlichen Wertegemeinschaft&#8220;, unterst\u00fctzt von der EU mit unserem Geld.<\/p>\n<p>350.000 Ermordete und Gesch\u00e4ndete, aus ihrer jahrhundertelangen Heimat vertriebene Deutsche sind unserem Gauckler und seiner Mischpoke kein Gedenken, keine Kr\u00e4nze wert.<\/p>\n<p>Das alles ist ein signifikantes Zeichen f\u00fcr den eklatanten Verfall unserer Kultur, f\u00fcr das Siechtum an W\u00fcrde und Ehre unseres Volkes.<\/p>\n<p>F\u00fcr Gauck, Merkel und Co beginne ich mich zu sch\u00e4men, jeden Tag, immer \u00f6fter.<\/p>\n<p>Gr\u00fc\u00dfe, Alfred E. Zips<\/p>\n<p>&nbsp;<\/p>\n<p>&nbsp;<\/p>\n<p>&nbsp;<\/p>\n<p>&nbsp;<\/p>\n","protected":false},"excerpt":{"rendered":"<p>Meinung: Leserbrief an die Braunschweiger Zeitung Mai &#8211; Tag der Befreiung! Anbei ein Erlebnisbericht einer Zeitzeugin zum Tag der Befreiung. Herr Gauck l\u00e4utete ja gestern bereits die Jubelfeier ein, indem er der Sowjetarmee dankte, da\u00df sie uns von den Nazis befreite. Die Sowjets installierten dann auch umgehend das System DEUTSCHE DEMOKRATISCHE REPUBLIK, welches \u00fcber vierzig &hellip; <a href=\"http:\/\/deutsche-partei-dp.de\/?p=231\" class=\"more-link\"><span class=\"screen-reader-text\">\u201eLeserbrief\u201c<\/span> weiterlesen<\/a><\/p>\n","protected":false},"author":2,"featured_media":0,"comment_status":"open","ping_status":"open","sticky":false,"template":"","format":"standard","meta":{"_editorskit_title_hidden":false,"_editorskit_reading_time":0,"_editorskit_is_block_options_detached":false,"_editorskit_block_options_position":"{}"},"categories":[302],"tags":[26,29,27,28,30],"_links":{"self":[{"href":"http:\/\/deutsche-partei-dp.de\/index.php?rest_route=\/wp\/v2\/posts\/231"}],"collection":[{"href":"http:\/\/deutsche-partei-dp.de\/index.php?rest_route=\/wp\/v2\/posts"}],"about":[{"href":"http:\/\/deutsche-partei-dp.de\/index.php?rest_route=\/wp\/v2\/types\/post"}],"author":[{"embeddable":true,"href":"http:\/\/deutsche-partei-dp.de\/index.php?rest_route=\/wp\/v2\/users\/2"}],"replies":[{"embeddable":true,"href":"http:\/\/deutsche-partei-dp.de\/index.php?rest_route=%2Fwp%2Fv2%2Fcomments&post=231"}],"version-history":[{"count":2,"href":"http:\/\/deutsche-partei-dp.de\/index.php?rest_route=\/wp\/v2\/posts\/231\/revisions"}],"predecessor-version":[{"id":233,"href":"http:\/\/deutsche-partei-dp.de\/index.php?rest_route=\/wp\/v2\/posts\/231\/revisions\/233"}],"wp:attachment":[{"href":"http:\/\/deutsche-partei-dp.de\/index.php?rest_route=%2Fwp%2Fv2%2Fmedia&parent=231"}],"wp:term":[{"taxonomy":"category","embeddable":true,"href":"http:\/\/deutsche-partei-dp.de\/index.php?rest_route=%2Fwp%2Fv2%2Fcategories&post=231"},{"taxonomy":"post_tag","embeddable":true,"href":"http:\/\/deutsche-partei-dp.de\/index.php?rest_route=%2Fwp%2Fv2%2Ftags&post=231"}],"curies":[{"name":"wp","href":"https:\/\/api.w.org\/{rel}","templated":true}]}}