{"id":210,"date":"2015-09-11T17:23:30","date_gmt":"2015-09-11T15:23:30","guid":{"rendered":"http:\/\/deutsche-partei-dp.de\/?p=210"},"modified":"2022-01-20T16:21:32","modified_gmt":"2022-01-20T15:21:32","slug":"bekleidungsdiktat","status":"publish","type":"post","link":"http:\/\/deutsche-partei-dp.de\/?p=210","title":{"rendered":"Bekleidungsdiktat"},"content":{"rendered":"<p><strong><u>Bekleidungsdiktat?<\/u><\/strong> \u00a0\u00a0\u00a0\u00a0\u00a0\u00a0\u00a0\u00a0\u00a0\u00a0\u00a0\u00a0\u00a0\u00a0\u00a0\u00a0\u00a0\u00a0\u00a0\u00a0\u00a0\u00a0\u00a0\u00a0 \u00a0\u00a0\u00a0\u00a0 H. St.<\/p>\n<p>Anfang Juli 2015 berichteten mehrere Tages\u00adzeitungen \u00fcber zwei Schulen in Baden-W\u00fcrttemberg, die eine Bekleidungsempfehlung f\u00fcr ihre Sch\u00fclerinnen herausgaben. Der Schulleiter eines deutschen Gymnasiums merkte dazu f\u00fcr seine Sch\u00fclerinnen an, keine kurzen Hosen und R\u00f6cke zu tragen, um bei den in der Turnhalle der Schule in Michendorf untergebrachten Fl\u00fcchtlingen keine falschen Deutungen entstehen zu lassen. Und die Schulleiterin in Horb am Neckar verordnete den Sch\u00fclerinnen der Werkrealschule ein \u00fcbergro\u00dfes T-Shirt, das bis zum Schulende anzuziehen ist.<\/p>\n<p>Es sind kleine Schritte und es werden stets neue folgen, mit denen unsere \u201eWillkommenskultur\u201c gegen\u00fcber dem wachsenden Fl\u00fcchtlingsstrom aus islamischen L\u00e4ndern duckm\u00e4userisch klein beigibt und die letztlich zu Spannungen in der Gesellschaft und zum gef\u00e4hrlichen Anwachsen extremistischer Gegenkr\u00e4fte f\u00fchren werden, wenn es so weiter geht.<\/p>\n<p>Lieber Hot Pants tragende junge Frauen und M\u00e4dchen, die Lebensfreude ausstrahlen, als Kopftuch tragende und bis runter auf die Fu\u00dfkn\u00f6chel gewandete, verbittert dreinschauende Musliminnen.<\/p>\n","protected":false},"excerpt":{"rendered":"<p>Bekleidungsdiktat? \u00a0\u00a0\u00a0\u00a0\u00a0\u00a0\u00a0\u00a0\u00a0\u00a0\u00a0\u00a0\u00a0\u00a0\u00a0\u00a0\u00a0\u00a0\u00a0\u00a0\u00a0\u00a0\u00a0\u00a0 \u00a0\u00a0\u00a0\u00a0 H. St. Anfang Juli 2015 berichteten mehrere Tages\u00adzeitungen \u00fcber zwei Schulen in Baden-W\u00fcrttemberg, die eine Bekleidungsempfehlung f\u00fcr ihre Sch\u00fclerinnen herausgaben. Der Schulleiter eines deutschen Gymnasiums merkte dazu f\u00fcr seine Sch\u00fclerinnen an, keine kurzen Hosen und R\u00f6cke zu tragen, um bei den in der Turnhalle der Schule in Michendorf untergebrachten Fl\u00fcchtlingen keine falschen &hellip; <a href=\"http:\/\/deutsche-partei-dp.de\/?p=210\" class=\"more-link\"><span class=\"screen-reader-text\">\u201eBekleidungsdiktat\u201c<\/span> weiterlesen<\/a><\/p>\n","protected":false},"author":2,"featured_media":0,"comment_status":"open","ping_status":"open","sticky":false,"template":"","format":"standard","meta":{"_editorskit_title_hidden":false,"_editorskit_reading_time":0,"_editorskit_is_block_options_detached":false,"_editorskit_block_options_position":"{}"},"categories":[301,304],"tags":[12,13,14],"_links":{"self":[{"href":"http:\/\/deutsche-partei-dp.de\/index.php?rest_route=\/wp\/v2\/posts\/210"}],"collection":[{"href":"http:\/\/deutsche-partei-dp.de\/index.php?rest_route=\/wp\/v2\/posts"}],"about":[{"href":"http:\/\/deutsche-partei-dp.de\/index.php?rest_route=\/wp\/v2\/types\/post"}],"author":[{"embeddable":true,"href":"http:\/\/deutsche-partei-dp.de\/index.php?rest_route=\/wp\/v2\/users\/2"}],"replies":[{"embeddable":true,"href":"http:\/\/deutsche-partei-dp.de\/index.php?rest_route=%2Fwp%2Fv2%2Fcomments&post=210"}],"version-history":[{"count":1,"href":"http:\/\/deutsche-partei-dp.de\/index.php?rest_route=\/wp\/v2\/posts\/210\/revisions"}],"predecessor-version":[{"id":211,"href":"http:\/\/deutsche-partei-dp.de\/index.php?rest_route=\/wp\/v2\/posts\/210\/revisions\/211"}],"wp:attachment":[{"href":"http:\/\/deutsche-partei-dp.de\/index.php?rest_route=%2Fwp%2Fv2%2Fmedia&parent=210"}],"wp:term":[{"taxonomy":"category","embeddable":true,"href":"http:\/\/deutsche-partei-dp.de\/index.php?rest_route=%2Fwp%2Fv2%2Fcategories&post=210"},{"taxonomy":"post_tag","embeddable":true,"href":"http:\/\/deutsche-partei-dp.de\/index.php?rest_route=%2Fwp%2Fv2%2Ftags&post=210"}],"curies":[{"name":"wp","href":"https:\/\/api.w.org\/{rel}","templated":true}]}}