{"id":206,"date":"2015-09-11T17:03:42","date_gmt":"2015-09-11T15:03:42","guid":{"rendered":"http:\/\/deutsche-partei-dp.de\/?p=206"},"modified":"2022-01-20T16:23:56","modified_gmt":"2022-01-20T15:23:56","slug":"afd","status":"publish","type":"post","link":"http:\/\/deutsche-partei-dp.de\/?p=206","title":{"rendered":"AfD"},"content":{"rendered":"<p><strong><u>AfD &#8211; zwischen Aufwind und Zerfall! <\/u><\/strong><\/p>\n<p>( G,- U. Dahlmann)<\/p>\n<p>Nachdem Prof. Lucke die AfD verlassen hat und eine neue Partei gr\u00fcndete, kann er auf etwas mehr Toleranz seitens der Etablierten hoffen. Er wird mit seiner neuen Partei in Konkurrenz zur FDP gehen und beide werden am 5%-Turm h\u00e4ngen. Wobei ich Lucke die geringeren Chancen einr\u00e4ume, da er wegen seiner d\u00fcnnen Personaldecke kaum fl\u00e4chendeckend arbeiten kann. Seine Partei wird wohl eher eine 1%-Partei werden, was der FDP aber durchaus zum Schaden gereichen kann.<\/p>\n<p>Der AfD wird nun jedoch ein Wuttsunami des Establishments entgegenblasen. Die etablierten Par\u00adteien und die Medien werden die Fl\u00fcchtlingssituation schamlos ausnutzen, um die AfD als Nazi-Partei hinzustellen. Die linke SA wird ihren Teil dazu beitragen, AfD-Funktion\u00e4re einzusch\u00fcchtern und mundtot zu machen.<\/p>\n<p>Sollte die AfD dieses Unwetter als funktionierende Partei \u00fcberstehen, k\u00f6nnte sie im n\u00e4chsten Jahr allerdings, bei den Landtagswahlen in BW, die Gr\u00fcnen Salon-Sozialisten vom Hocker sto\u00dfen.<\/p>\n","protected":false},"excerpt":{"rendered":"<p>AfD &#8211; zwischen Aufwind und Zerfall! ( G,- U. Dahlmann) Nachdem Prof. Lucke die AfD verlassen hat und eine neue Partei gr\u00fcndete, kann er auf etwas mehr Toleranz seitens der Etablierten hoffen. Er wird mit seiner neuen Partei in Konkurrenz zur FDP gehen und beide werden am 5%-Turm h\u00e4ngen. Wobei ich Lucke die geringeren Chancen &hellip; <a href=\"http:\/\/deutsche-partei-dp.de\/?p=206\" class=\"more-link\"><span class=\"screen-reader-text\">\u201eAfD\u201c<\/span> weiterlesen<\/a><\/p>\n","protected":false},"author":2,"featured_media":0,"comment_status":"open","ping_status":"open","sticky":false,"template":"","format":"standard","meta":{"_editorskit_title_hidden":false,"_editorskit_reading_time":0,"_editorskit_is_block_options_detached":false,"_editorskit_block_options_position":"{}"},"categories":[300],"tags":[9],"_links":{"self":[{"href":"http:\/\/deutsche-partei-dp.de\/index.php?rest_route=\/wp\/v2\/posts\/206"}],"collection":[{"href":"http:\/\/deutsche-partei-dp.de\/index.php?rest_route=\/wp\/v2\/posts"}],"about":[{"href":"http:\/\/deutsche-partei-dp.de\/index.php?rest_route=\/wp\/v2\/types\/post"}],"author":[{"embeddable":true,"href":"http:\/\/deutsche-partei-dp.de\/index.php?rest_route=\/wp\/v2\/users\/2"}],"replies":[{"embeddable":true,"href":"http:\/\/deutsche-partei-dp.de\/index.php?rest_route=%2Fwp%2Fv2%2Fcomments&post=206"}],"version-history":[{"count":1,"href":"http:\/\/deutsche-partei-dp.de\/index.php?rest_route=\/wp\/v2\/posts\/206\/revisions"}],"predecessor-version":[{"id":207,"href":"http:\/\/deutsche-partei-dp.de\/index.php?rest_route=\/wp\/v2\/posts\/206\/revisions\/207"}],"wp:attachment":[{"href":"http:\/\/deutsche-partei-dp.de\/index.php?rest_route=%2Fwp%2Fv2%2Fmedia&parent=206"}],"wp:term":[{"taxonomy":"category","embeddable":true,"href":"http:\/\/deutsche-partei-dp.de\/index.php?rest_route=%2Fwp%2Fv2%2Fcategories&post=206"},{"taxonomy":"post_tag","embeddable":true,"href":"http:\/\/deutsche-partei-dp.de\/index.php?rest_route=%2Fwp%2Fv2%2Ftags&post=206"}],"curies":[{"name":"wp","href":"https:\/\/api.w.org\/{rel}","templated":true}]}}