{"id":174,"date":"2015-12-15T20:56:07","date_gmt":"2015-12-15T19:56:07","guid":{"rendered":"http:\/\/deutsche-partei-dp.de\/?p=174"},"modified":"2022-01-17T18:46:21","modified_gmt":"2022-01-17T17:46:21","slug":"infobrief-6","status":"publish","type":"post","link":"http:\/\/deutsche-partei-dp.de\/?p=174","title":{"rendered":"Infobrief"},"content":{"rendered":"<p>Offener Brief an Bundeskanzlerin Frau Dr. Angela Merkel<\/p>\n<p>Guten Tag, Frau Dr. Merkel,<\/p>\n<p>Der Klimagipfel ist wiedermal mit gigantischem Get\u00f6se beendet worden. Tausende Politiker und die sie begleitenden Funktion\u00e4re waren nach Paris gejettet, um Klimaziele zu vereinbaren, die sich jedes Land selber steckt und die jedes Land f\u00fcr sich selbst kontrolliert.<\/p>\n<p>Das wurde dann auch entsprechend bombastisch gefeiert. Die Medien \u00fcberschlugen sich in ihrer \u201eBerichterstattung\u201c.<\/p>\n<p>Die Erde kann vielleicht doch noch gerettet werden, wenn wir uns alle bessern werden. Wenn nicht, werden wir in der H\u00f6lle braten; in der H\u00f6lle auf Erden versteht sich. Wenn sich das Klima um mehr als 2\u00b0 erw\u00e4rmt, gibt es nur noch gekochten Fisch &#8211; direkt aus dem Meer. Auf der anderen Seite spart das allerdings auch wiederum Energie.<\/p>\n<p>Sehen Sie Frau Merkel, ich war auch auf einer Klimakonferenz, allerdings nicht in Paris, sondern in Essen (11.\/12. Dez.) bei EIKE (Europ\u00e4isches Institut f\u00fcr Klima und Energie). Dort waren Wissenschaftler zugegen, die Klimadaten \u00fcber Tausende von Jahren beobachten und analysieren. Die nicht, wie Ihre Klimajongleure, das Klima zwanzig Jahre zur\u00fcck aufzeichnen und daraus das Klima f\u00fcr die n\u00e4chsten hundert Jahre vorausberechnen wollen.<\/p>\n<p>Sehen Sie mal Frau Merkel, in der Grafik unten, dort wo der gelbe Pfeil hinzeigt, k\u00f6nnen Sie die gigantische Klimaerw\u00e4rmung sehen, die wir heute ertragen m\u00fcssen. In den letzten zehntausend Jahren war es die meiste Zeit w\u00e4rmer als heute.<\/p>\n<p>Wie haben unsere Vorfahren die Klimaerw\u00e4rmung vor 12.000 Jahren<\/p>\n<figure id=\"attachment_197\" aria-describedby=\"caption-attachment-197\" style=\"width: 300px\" class=\"wp-caption alignright\"><a href=\"http:\/\/deutsche-partei-dp.de\/wp-content\/uploads\/2015\/12\/eike.jpg\" rel=\"attachment wp-att-197\"><img decoding=\"async\" loading=\"lazy\" class=\"size-medium wp-image-197\" src=\"http:\/\/deutsche-partei-dp.de\/wp-content\/uploads\/2015\/12\/eike-300x214.jpg\" alt=\"Grafik: Vortrag Prof. Patzelt \" width=\"300\" height=\"214\" srcset=\"http:\/\/deutsche-partei-dp.de\/wp-content\/uploads\/2015\/12\/eike-300x214.jpg 300w, http:\/\/deutsche-partei-dp.de\/wp-content\/uploads\/2015\/12\/eike.jpg 683w\" sizes=\"(max-width: 300px) 85vw, 300px\" \/><\/a><figcaption id=\"caption-attachment-197\" class=\"wp-caption-text\">Grafik: Vortrag Prof. Patzelt<\/figcaption><\/figure>\n<p>\u00fcberleben k\u00f6nnen und den dieser Erw\u00e4rmung begleitenden Anstieg des Meeresspiegel um 120 Meter?<\/p>\n<p>&nbsp;<\/p>\n<p>Das Klima schwankt, seit es ein Klima auf der Erde gibt!<\/p>\n<p>Seien wir froh, Frau Merkel, da\u00df es heute etwas w\u00e4rmer ist. W\u00fcrde es wieder k\u00e4lter werden, siehe Grafik rechts, h\u00e4tten wir wirklich Probleme.<\/p>\n<p>Warme Gr\u00fc\u00dfe<\/p>\n<p>G.- U. Dahlmann<\/p>\n<p>&nbsp;<\/p>\n","protected":false},"excerpt":{"rendered":"<p>Offener Brief an Bundeskanzlerin Frau Dr. Angela Merkel Guten Tag, Frau Dr. Merkel, Der Klimagipfel ist wiedermal mit gigantischem Get\u00f6se beendet worden. Tausende Politiker und die sie begleitenden Funktion\u00e4re waren nach Paris gejettet, um Klimaziele zu vereinbaren, die sich jedes Land selber steckt und die jedes Land f\u00fcr sich selbst kontrolliert. Das wurde dann auch &hellip; <a href=\"http:\/\/deutsche-partei-dp.de\/?p=174\" class=\"more-link\"><span class=\"screen-reader-text\">\u201eInfobrief\u201c<\/span> weiterlesen<\/a><\/p>\n","protected":false},"author":2,"featured_media":0,"comment_status":"open","ping_status":"open","sticky":false,"template":"","format":"standard","meta":{"_editorskit_title_hidden":false,"_editorskit_reading_time":0,"_editorskit_is_block_options_detached":false,"_editorskit_block_options_position":"{}"},"categories":[6,632],"tags":[],"_links":{"self":[{"href":"http:\/\/deutsche-partei-dp.de\/index.php?rest_route=\/wp\/v2\/posts\/174"}],"collection":[{"href":"http:\/\/deutsche-partei-dp.de\/index.php?rest_route=\/wp\/v2\/posts"}],"about":[{"href":"http:\/\/deutsche-partei-dp.de\/index.php?rest_route=\/wp\/v2\/types\/post"}],"author":[{"embeddable":true,"href":"http:\/\/deutsche-partei-dp.de\/index.php?rest_route=\/wp\/v2\/users\/2"}],"replies":[{"embeddable":true,"href":"http:\/\/deutsche-partei-dp.de\/index.php?rest_route=%2Fwp%2Fv2%2Fcomments&post=174"}],"version-history":[{"count":4,"href":"http:\/\/deutsche-partei-dp.de\/index.php?rest_route=\/wp\/v2\/posts\/174\/revisions"}],"predecessor-version":[{"id":198,"href":"http:\/\/deutsche-partei-dp.de\/index.php?rest_route=\/wp\/v2\/posts\/174\/revisions\/198"}],"wp:attachment":[{"href":"http:\/\/deutsche-partei-dp.de\/index.php?rest_route=%2Fwp%2Fv2%2Fmedia&parent=174"}],"wp:term":[{"taxonomy":"category","embeddable":true,"href":"http:\/\/deutsche-partei-dp.de\/index.php?rest_route=%2Fwp%2Fv2%2Fcategories&post=174"},{"taxonomy":"post_tag","embeddable":true,"href":"http:\/\/deutsche-partei-dp.de\/index.php?rest_route=%2Fwp%2Fv2%2Ftags&post=174"}],"curies":[{"name":"wp","href":"https:\/\/api.w.org\/{rel}","templated":true}]}}