{"id":1476,"date":"2026-01-25T19:23:32","date_gmt":"2026-01-25T18:23:32","guid":{"rendered":"http:\/\/deutsche-partei-dp.de\/?p=1476"},"modified":"2026-01-25T19:23:32","modified_gmt":"2026-01-25T18:23:32","slug":"ist-die-afd-noch-zu-bremsen","status":"publish","type":"post","link":"http:\/\/deutsche-partei-dp.de\/?p=1476","title":{"rendered":"Ist die AfD noch zu bremsen?"},"content":{"rendered":"\n<p>Die AfD fliegt von einer Umfrageh\u00f6he zur n\u00e4chsten. Alle Schm\u00e4hungen, \u00fcble Nachreden, Beschimpfungen und Bedrohungen sind zerronnen.<\/p>\n\n\n\n<p>Die CDU\/CSU kann die Brandmauer nur um den Preis der Selbstverleugnung aufrecht erhalten, sie l\u00e4\u00dft sich am Nasenring ihrer Gegner durch die Manege f\u00fchren. Abstimmungskatastrophen stehen der CDU bei den n\u00e4chsten Landtagswahlen bevor.<\/p>\n\n\n\n<p>Die CDU\/CSU, SPD, GR\u00dcNEN und Linken haben sich zu einem Anti- AfD-Block vereinigt. Ihre grunds\u00e4tzlichen Gegens\u00e4tze sind nicht \u00fcberwunden, wurden aber einem \u201eh\u00f6heren Ziel\u201c untergeordnet, das hei\u00dft, die AfD eliminieren oder im Neusprech \u201eunsere Demokratie retten!\u201c. Die ehemalige SED, heute die\u201eLinke\u201c, hat immer noch SED-Gr\u00f6\u00dfen in ihren Reihen. Die Gr\u00fcnen gelten als die Verbotspartei. Selbst die SPD beherbergt radikale Linke in ihren Reihen und tr\u00e4umt von Enteignungen (Neusprech: Vergesellschaftungen).<\/p>\n\n\n\n<p>Was mu\u00df getan werden, um die AfD loszuwerden? Man k\u00f6nnte die n\u00e4chste Landtagswahl aussetzen, wegen Beeinflussungen aus dem Ausland (speziell den USA). Aber irgendwann mu\u00df ja dann doch gew\u00e4hlt werden und man steht dann vielleicht wieder vor dem gleichen Problem. Wie w\u00e4re es denn mit der Rum\u00e4nischen L\u00f6sung, da\u00df man die Wahl annulliert, ebenfalls wegen ausl\u00e4ndischer Einmischung? Da m\u00fc\u00dfte dann das Verfassungsgericht mitmachen und das ist nicht sicher, solange nicht die passenden Richter dort sitzen.<\/p>\n\n\n\n<p>Die beste L\u00f6sung w\u00e4re: Man setzt die Wahl erst aus, bef\u00f6rdert geeignete Richter in das Verfassungsgericht und annulliert dann gegebenenfalls die Wahl. So gewinnt man erst einmal etwas Zeit. In dieser Zeit tauchen dann gewisse Leute in der AfD auf, die mit extrem rechten Gedankengut auffallen. Dieses Gedankengut gelangt umgehend an die \u00d6ffentlichkeit und bereitet somit den Weg f\u00fcr ein Verbot der AfD.<\/p>\n\n\n\n<p>(Gerd-Uwe Dahlmann)<\/p>\n","protected":false},"excerpt":{"rendered":"<p>Die AfD fliegt von einer Umfrageh\u00f6he zur n\u00e4chsten. Alle Schm\u00e4hungen, \u00fcble Nachreden, Beschimpfungen und Bedrohungen sind zerronnen. Die CDU\/CSU kann die Brandmauer nur um den Preis der Selbstverleugnung aufrecht erhalten, sie l\u00e4\u00dft sich am Nasenring ihrer Gegner durch die Manege f\u00fchren. Abstimmungskatastrophen stehen der CDU bei den n\u00e4chsten Landtagswahlen bevor. Die CDU\/CSU, SPD, GR\u00dcNEN und &hellip; <a href=\"http:\/\/deutsche-partei-dp.de\/?p=1476\" class=\"more-link\"><span class=\"screen-reader-text\">\u201eIst die AfD noch zu bremsen?\u201c<\/span> weiterlesen<\/a><\/p>\n","protected":false},"author":2,"featured_media":0,"comment_status":"closed","ping_status":"closed","sticky":false,"template":"","format":"standard","meta":{"_editorskit_title_hidden":false,"_editorskit_reading_time":0,"_editorskit_is_block_options_detached":false,"_editorskit_block_options_position":"{}"},"categories":[1,301,300,813,821],"tags":[16,1953,1496,733,1952,1954,1956,286,156,1951,123,1426,1955],"_links":{"self":[{"href":"http:\/\/deutsche-partei-dp.de\/index.php?rest_route=\/wp\/v2\/posts\/1476"}],"collection":[{"href":"http:\/\/deutsche-partei-dp.de\/index.php?rest_route=\/wp\/v2\/posts"}],"about":[{"href":"http:\/\/deutsche-partei-dp.de\/index.php?rest_route=\/wp\/v2\/types\/post"}],"author":[{"embeddable":true,"href":"http:\/\/deutsche-partei-dp.de\/index.php?rest_route=\/wp\/v2\/users\/2"}],"replies":[{"embeddable":true,"href":"http:\/\/deutsche-partei-dp.de\/index.php?rest_route=%2Fwp%2Fv2%2Fcomments&post=1476"}],"version-history":[{"count":1,"href":"http:\/\/deutsche-partei-dp.de\/index.php?rest_route=\/wp\/v2\/posts\/1476\/revisions"}],"predecessor-version":[{"id":1477,"href":"http:\/\/deutsche-partei-dp.de\/index.php?rest_route=\/wp\/v2\/posts\/1476\/revisions\/1477"}],"wp:attachment":[{"href":"http:\/\/deutsche-partei-dp.de\/index.php?rest_route=%2Fwp%2Fv2%2Fmedia&parent=1476"}],"wp:term":[{"taxonomy":"category","embeddable":true,"href":"http:\/\/deutsche-partei-dp.de\/index.php?rest_route=%2Fwp%2Fv2%2Fcategories&post=1476"},{"taxonomy":"post_tag","embeddable":true,"href":"http:\/\/deutsche-partei-dp.de\/index.php?rest_route=%2Fwp%2Fv2%2Ftags&post=1476"}],"curies":[{"name":"wp","href":"https:\/\/api.w.org\/{rel}","templated":true}]}}