{"id":1243,"date":"2023-10-13T21:13:09","date_gmt":"2023-10-13T19:13:09","guid":{"rendered":"http:\/\/deutsche-partei-dp.de\/?p=1243"},"modified":"2023-10-13T21:13:09","modified_gmt":"2023-10-13T19:13:09","slug":"islam-und-koran-teil-4","status":"publish","type":"post","link":"http:\/\/deutsche-partei-dp.de\/?p=1243","title":{"rendered":"\u201aIslam\u2018 und \u201aKoran\u2018 (Teil 4)"},"content":{"rendered":"\n<p>(von Hans Steding)<\/p>\n\n\n\n<p><strong><u>4. Mohammed, die Offenbarungen<\/u><\/strong> <strong>und die (neue) islamische Zeitrechnung:<\/strong><\/p>\n\n\n\n<p>Grundlage der nachfolgenden Ausf\u00fchrungen und Betrachtungen ist \u201e<strong>EL Koran<\/strong> das hei\u00dft <strong>Die Lesung<\/strong>\u201c, die Offenbarungen des Mohammed ibn Abdallah des Propheten Gottes.<\/p>\n\n\n\n<p>Zu Schrift gebracht durch Abdelkaaba Abu-Bekr, \u00fcbertragen durch Lazarus Goldschmidt \u2026\u201c (, den wohl besten und versiertesten Arabien-, Islam- und Korankenner seiner Zeit und in einer &#8211; nach meiner Auffassung \u2013 wohl ideologiefreiesten Koran-\u00dcbersetzung; Anmerkung des Verfassers!) \u201eim Jahre der Flucht 1334 oder 1916 der Fleischwerdung.\u201c<\/p>\n\n\n\n<p>Etwa ab 610 n.Chr. begann Mohammed von der g\u00f6ttlichen Botschaft zu berichten, die ihm am Berg Hira in der N\u00e4he von Mekka auf der Arabischen Halbinsel geoffenbart wurden. Obwohl Mohammed weder lesen noch schreiben konnte, erging an ihn in der allerersten Offenbarung der Auftrag zu lesen (Mekka; Sure 96, Vers 1 \u2013 6, Seite 458).<\/p>\n\n\n\n<p>Die im Buch \u201aKoran\u2018 sp\u00e4ter niedergeschriebenen Offenbarungen in Form von Suren und Versen verweisen \u2013 der \u00dcberlieferung nach &#8211; auf die mekkanische (meist poetische) und medinische (meist gesetzgeberische) Zeit mit Hinweis auf die Orte, an denen Mohammed die Suren geoffenbart wurden.<\/p>\n\n\n\n<p>Die (alt-)arabische Sprache ist die Sprache, in der Gott nach islamischer Auffassung zu Mohammed gesprochen hat; es ist die Sprache, in der sich der Prophet an die Ungl\u00e4ubigen wandte und in der die g\u00f6ttlichen Offenbarungen im Koran sowie Handlungen und Aussagen Mohammeds in der Sunna zusammengefa\u00dft wurden \u2013 das (Alt-)Arabische ist die Sprache des Islams und im Islam spielt die m\u00fcndliche \u00dcberlieferung eine wesentliche Rolle.<\/p>\n\n\n\n<p>Mit der Emigration von Mohammed im Juli 622 n.Chr. von Mekka nach Medina begann die islamische Zeitrechnung, die der zweite Kalif Umar 638 n.Chr. einf\u00fchrte.<\/p>\n\n\n\n<p>Die islamische Zeitrechnung basiert auf dem Mondjahr, ist etwa 11 Tage k\u00fcrzer als der Gregorianische Kalender und umfa\u00dft als \u201asynodischer Monat\u2018 29 oder 30 Tage. Besonders bedeutsam ist der 9. Monat im islamischen Kalender, der Fastenmonat \u201eRamadan\u201c. Dazu kommen noch einige andere \u201eheilige Monate\u201c, in denen, z.B. Moharam, der 1. Monat des mohammedanischen Kalenderjahres, Krieg zu f\u00fchren verboten ist.<\/p>\n\n\n\n<p>Von Medina aus f\u00fchrte Mohammed ab 622 n. Chr. mehr als 80 Kriege und Feldz\u00fcge, die den gew\u00fcnschten \u2013 auch wirtschaftlichen \u2013 Erfolg f\u00fcr Mohammed und seine Unterst\u00fctzer brachten.<\/p>\n\n\n\n<p>Wird fortgesetzt<\/p>\n","protected":false},"excerpt":{"rendered":"<p>(von Hans Steding) 4. Mohammed, die Offenbarungen und die (neue) islamische Zeitrechnung: Grundlage der nachfolgenden Ausf\u00fchrungen und Betrachtungen ist \u201eEL Koran das hei\u00dft Die Lesung\u201c, die Offenbarungen des Mohammed ibn Abdallah des Propheten Gottes. Zu Schrift gebracht durch Abdelkaaba Abu-Bekr, \u00fcbertragen durch Lazarus Goldschmidt \u2026\u201c (, den wohl besten und versiertesten Arabien-, Islam- und Korankenner &hellip; <a href=\"http:\/\/deutsche-partei-dp.de\/?p=1243\" class=\"more-link\"><span class=\"screen-reader-text\">\u201e\u201aIslam\u2018 und \u201aKoran\u2018 (Teil 4)\u201c<\/span> weiterlesen<\/a><\/p>\n","protected":false},"author":2,"featured_media":0,"comment_status":"closed","ping_status":"closed","sticky":false,"template":"","format":"standard","meta":{"_editorskit_title_hidden":false,"_editorskit_reading_time":0,"_editorskit_is_block_options_detached":false,"_editorskit_block_options_position":"{}"},"categories":[302,301,304,300],"tags":[1295,1299,1294,1292,1293,1298,1297,1304,1296,1303,1300,248,1305,1301,650,1302],"_links":{"self":[{"href":"http:\/\/deutsche-partei-dp.de\/index.php?rest_route=\/wp\/v2\/posts\/1243"}],"collection":[{"href":"http:\/\/deutsche-partei-dp.de\/index.php?rest_route=\/wp\/v2\/posts"}],"about":[{"href":"http:\/\/deutsche-partei-dp.de\/index.php?rest_route=\/wp\/v2\/types\/post"}],"author":[{"embeddable":true,"href":"http:\/\/deutsche-partei-dp.de\/index.php?rest_route=\/wp\/v2\/users\/2"}],"replies":[{"embeddable":true,"href":"http:\/\/deutsche-partei-dp.de\/index.php?rest_route=%2Fwp%2Fv2%2Fcomments&post=1243"}],"version-history":[{"count":2,"href":"http:\/\/deutsche-partei-dp.de\/index.php?rest_route=\/wp\/v2\/posts\/1243\/revisions"}],"predecessor-version":[{"id":1245,"href":"http:\/\/deutsche-partei-dp.de\/index.php?rest_route=\/wp\/v2\/posts\/1243\/revisions\/1245"}],"wp:attachment":[{"href":"http:\/\/deutsche-partei-dp.de\/index.php?rest_route=%2Fwp%2Fv2%2Fmedia&parent=1243"}],"wp:term":[{"taxonomy":"category","embeddable":true,"href":"http:\/\/deutsche-partei-dp.de\/index.php?rest_route=%2Fwp%2Fv2%2Fcategories&post=1243"},{"taxonomy":"post_tag","embeddable":true,"href":"http:\/\/deutsche-partei-dp.de\/index.php?rest_route=%2Fwp%2Fv2%2Ftags&post=1243"}],"curies":[{"name":"wp","href":"https:\/\/api.w.org\/{rel}","templated":true}]}}