{"id":1218,"date":"2023-08-13T18:32:07","date_gmt":"2023-08-13T16:32:07","guid":{"rendered":"http:\/\/deutsche-partei-dp.de\/?p=1218"},"modified":"2023-08-14T11:52:36","modified_gmt":"2023-08-14T09:52:36","slug":"islam-und-koran","status":"publish","type":"post","link":"http:\/\/deutsche-partei-dp.de\/?p=1218","title":{"rendered":"<strong>\u201aIslam\u2018 und \u201aKoran\u2018<\/strong>"},"content":{"rendered":"\n<p><strong> \u201aIslam\u2018 und \u201aKoran\u2018<\/strong>  <strong>(Stand: Juli 2023)<\/strong>                               von Hans Steding<\/p>\n\n\n\n<p><strong>Teil 1<\/strong><\/p>\n\n\n\n<p><strong>A) Vorbemerkung:<\/strong><\/p>\n\n\n\n<p>Erstmals Kontakt mit dem Islam und dem Koran bekam ich u.a. als langj\u00e4hriger und nebenamtlicher Standesbeamter (1977 \u2013 1989) Mitte 1982 bis Mitte 1989 in einer Gemeinde, in der viele Jugoslawen unterschiedlicher Glaubensrichtungen lebten.<\/p>\n\n\n\n<p>Da der Koran Glaubens- und Rechtsbuch der Muslime ist, waren die besonderen Koran-bestimmungen bei Personenstandsangelegenheiten zu ber\u00fccksichtigen, wenn Muslime mit betroffen waren. Interessant d\u00fcrfte in diesem Zusammenhang sein, da\u00df bis zum Jahre 2000 zahlreiche personenstandsrechtliche Vorgaben (z.B. Scheidungsregelungen und Wartefristen bei Wiederverheiratung) im deutschen Personenstandsrecht nahezu identisch waren wie mit den Vorgaben bzw. Erfordernissen im Koran. Zur damaligen Zeit beschr\u00e4nkte sich mein Interesse f\u00fcr den Koran und Islam allerdings nur auf die dienst-lichen Belange als Standesbeamter. Erst ab dem Jahr 2007, Anla\u00df war die Christen-verfolgung in orientalischen L\u00e4ndern, befa\u00dfte ich mich mit dem Islam und Koran n\u00e4her.<\/p>\n\n\n\n<p><strong>B) Zum Thema:<\/strong><\/p>\n\n\n\n<p>Allerorten huldig(t)en bundesdeutsche Politiker wortstark den Bauten von Moscheen als<strong> <\/strong>Integrationsbeitrag.                                                                                                                         Die Mahner und Verweiser auf Ungleichbehandlung des Christen- und Judentums in islamisch dominierten Regionen dieser Erde wurden bzw. werden abgekanzelt.  Abgekanzelt, insbesondere durch realit\u00e4tsferne und realit\u00e4tsresistente sowie multikulti-orientierte Politiker und Zeitgenossen, entweder aus Unkenntnis oder fehlendem Sach- und Fachverstand heraus oder nur dem opportunistischen Zeitgeist folgend und verpflichtet?<\/p>\n\n\n\n<p>Die nachfolgenden Ausf\u00fchrungen sind daher so abgefa\u00dft, da\u00df Grundlagen zum Koran und Islam vermittelt werden, die neugierig machen sollen auf aufkl\u00e4rende, weiter-f\u00fchrende und vertiefende Literatur zu diesem Thema.<\/p>\n\n\n\n<p><strong><u>1. Allgemeine Anmerkungen:<\/u><\/strong><\/p>\n\n\n\n<p>Wer sich in heutiger Zeit aufgrund der Gegebenheiten mit dem Koran und dem darauf fu\u00dfenden Islam kritisch auseinandersetzt und publiziert, ger\u00e4t leicht in die Gefahr einer juristischen Auseinandersetzung, die f\u00fcr ihn h\u00e4ufig negativ ausgeht.<\/p>\n\n\n\n<p>Grundlage der Betrachtung ist zun\u00e4chst einmal Artikel, 4 Absatz 1 und Absatz 2 des Grundgesetzes <strong><u>f\u00fcr die<\/u><\/strong> Bundesrepublik Deutschland vom 23. Mai 1949 (GG) mit dem Grundrecht der Religionsfreiheit. Aber in diesem Zusammenhang darf auch der Artikel 5 GG mit seiner erkl\u00e4rten Meinungsfreiheit nicht au\u00dfer Acht gelassen werden, weil er einige Fallstricke strafrechtlicher Art beinhaltet.<\/p>\n\n\n\n<p>Hier sei insbesondere auf den Paragraphen 130 Strafgesetzbuch (StGB) (\u201eVolksver-hetzung\u201c) verwiesen und auf das von SPD-Justizminister Heiko Maas Regelungsvollzug\u201c aufgelegte Netzwerkdurchsetzungsgesetz (NetzDG; Gesetz zur Verbesserung der Rechts-durchsetzung in sozialen Netzwerken, in Kraft ab 01.10.2017 \u2013 auch als Facebook-Gesetz oder Netzwerk\u201cdurchsuchungs\u201cgesetz zutreffend gebrandmarkt).<\/p>\n\n\n\n<p>Und in diesem Kontext sollte auch die \u201ePolitical Correctness\u201c (PC), ein gerne gebrauchtes Instrument u.a. zur Unterbindung\/Verschweigung von Hintergrundinformationen und Tatsachen oder Vermeidung\/Verbannung traditioneller Begriffe, nicht unerw\u00e4hnt bleiben.<\/p>\n\n\n\n<p>Ab Mitte des Jahres 2020 aus den Vereinigten Staaten von Amerika (USA) importiert und \u00fcbernommen, greift eine neue Art der \u201ePolitical Correctness\u201c als freiheitsfeindliche Zensur die Meinungsfreiheit an: Die \u201eCancel-Culture\u201c (Kultur der L\u00f6schung; systematischer Boykott von Personen oder Organisationen!), die \u201eBek\u00e4mpfung Falschmeinender\u201c. Es gibt weltweit -Stichwort Cancel-Culture- zunehmend m\u00e4chtiger werdende Versuche, kritische Stimmen mundtot zu machen durch Einsch\u00fcchterung, Diskriminierung, Diffamierung, Ausladung und sozialer \u00c4chtung. Sie begegnen einer Aussage nicht mit einem Gegenargument, sondern versuchen, ihren Gehalt durch Zensur oder Auftrittsverbote aus der \u00d6ffentlichkeit zu verbannen und organisieren Formen kollektiver Schuldzuschreibungen oder \u00f6ffentlichen Boykott. Erw\u00e4hnenswert ist im letzteren Zusammenhang auch der \u201eWokismus\u201c der \u201eWokisten\u201c.<\/p>\n\n\n\n<p>Insofern ist mit diesem Beitrag eine Gratwanderung auf verfassungsrechtlicher und strafrechtlicher Ebene bei Wertungen verbunden.<\/p>\n\n\n\n<p><strong>wird fortgesetzt<\/strong><\/p>\n","protected":false},"excerpt":{"rendered":"<p>\u201aIslam\u2018 und \u201aKoran\u2018 (Stand: Juli 2023) von Hans Steding Teil 1 A) Vorbemerkung: Erstmals Kontakt mit dem Islam und dem Koran bekam ich u.a. als langj\u00e4hriger und nebenamtlicher Standesbeamter (1977 \u2013 1989) Mitte 1982 bis Mitte 1989 in einer Gemeinde, in der viele Jugoslawen unterschiedlicher Glaubensrichtungen lebten. Da der Koran Glaubens- und Rechtsbuch der Muslime &hellip; <a href=\"http:\/\/deutsche-partei-dp.de\/?p=1218\" class=\"more-link\"><span class=\"screen-reader-text\">\u201e<strong>\u201aIslam\u2018 und \u201aKoran\u2018<\/strong>\u201c<\/span> weiterlesen<\/a><\/p>\n","protected":false},"author":2,"featured_media":0,"comment_status":"closed","ping_status":"closed","sticky":false,"template":"","format":"standard","meta":{"_editorskit_title_hidden":false,"_editorskit_reading_time":0,"_editorskit_is_block_options_detached":false,"_editorskit_block_options_position":"{}"},"categories":[301,304,814],"tags":[1219,12,57,1220,13,400,1221],"_links":{"self":[{"href":"http:\/\/deutsche-partei-dp.de\/index.php?rest_route=\/wp\/v2\/posts\/1218"}],"collection":[{"href":"http:\/\/deutsche-partei-dp.de\/index.php?rest_route=\/wp\/v2\/posts"}],"about":[{"href":"http:\/\/deutsche-partei-dp.de\/index.php?rest_route=\/wp\/v2\/types\/post"}],"author":[{"embeddable":true,"href":"http:\/\/deutsche-partei-dp.de\/index.php?rest_route=\/wp\/v2\/users\/2"}],"replies":[{"embeddable":true,"href":"http:\/\/deutsche-partei-dp.de\/index.php?rest_route=%2Fwp%2Fv2%2Fcomments&post=1218"}],"version-history":[{"count":2,"href":"http:\/\/deutsche-partei-dp.de\/index.php?rest_route=\/wp\/v2\/posts\/1218\/revisions"}],"predecessor-version":[{"id":1221,"href":"http:\/\/deutsche-partei-dp.de\/index.php?rest_route=\/wp\/v2\/posts\/1218\/revisions\/1221"}],"wp:attachment":[{"href":"http:\/\/deutsche-partei-dp.de\/index.php?rest_route=%2Fwp%2Fv2%2Fmedia&parent=1218"}],"wp:term":[{"taxonomy":"category","embeddable":true,"href":"http:\/\/deutsche-partei-dp.de\/index.php?rest_route=%2Fwp%2Fv2%2Fcategories&post=1218"},{"taxonomy":"post_tag","embeddable":true,"href":"http:\/\/deutsche-partei-dp.de\/index.php?rest_route=%2Fwp%2Fv2%2Ftags&post=1218"}],"curies":[{"name":"wp","href":"https:\/\/api.w.org\/{rel}","templated":true}]}}