{"id":1065,"date":"2022-08-17T19:58:32","date_gmt":"2022-08-17T17:58:32","guid":{"rendered":"http:\/\/deutsche-partei-dp.de\/?p=1065"},"modified":"2022-08-17T20:53:51","modified_gmt":"2022-08-17T18:53:51","slug":"brauchen-wir-oeffentlich-rechtliche-rundfunk-und-fernsehanstalten","status":"publish","type":"post","link":"http:\/\/deutsche-partei-dp.de\/?p=1065","title":{"rendered":"Brauchen wir \u00d6ffentlich Rechtliche Rundfunk- und Fernsehanstalten?"},"content":{"rendered":"<p class=\"Normal tm5\"><span class=\"tm6\">Brauchen wir \u00d6ffentlich Rechtliche Rundfunk- und Fernsehanstalten?<\/span><\/p>\n<p class=\"Normal tm5 tm7\"><span class=\"tm6\">In letzter Zeit mehren sich die Stimmen, da\u00df die \u00d6ffentlich Rechtlichen Sender abgeschafft werden sollten.<\/span><\/p>\n<p class=\"Normal tm5 tm7\" style=\"text-align: justify;\"><span class=\"tm6\">Die \u00d6ffentlich-Rechtlichen Rundfunk- und Fernsehanstalten (\u00d6RF) sollen die Bev\u00f6lkerung unabh\u00e4ngig, neutral und mit Fakten \u00fcber alle gesellschaftlich relevanten Vorg\u00e4nge, Gruppierungen und politischen Parteien informieren. <\/span><\/p>\n<p class=\"Normal tm5 tm7\" style=\"text-align: justify;\"><span class=\"tm6\">Unabh\u00e4ngig davon, ob sie dies nun wirklich tun, stellt sich die Frage, warum jedes Bundesland einen eigenen Sender mit einem eigenen Regionalprogramm und bis zu vier Radioprogrammen hat.<\/span><\/p>\n<p class=\"Normal tm5\"><span class=\"tm6\">Findet hier nicht eine unn\u00f6tige \u00dcberversorgung statt?<\/span><\/p>\n<p class=\"Normal tm5 tm7\" style=\"text-align: justify;\"><span class=\"tm6\">Was die eigene Versorgung der Mitarbeiter der (\u00d6RF) angeht, da sind die \u00f6ffentlich rechtlichen Sender besonders flei\u00dfig (s. Geh\u00e4lter). Das kann man von der Qualit\u00e4t ihrer Berichterstattung nun wohl eher nicht sagen. Hier herrscht ein un\u00fcbersehbarer Einflu\u00df von Parteien und politisch orientierten Gruppen (NGOs), wie z.B. Greenpeace u.A., im besonderen \u201eDIE GR\u00dcNEN\u201c, die auf die Programmgestaltung und die Berichterstattung starken einseitigen Einflu\u00df nehmen. \u201eDIE GR\u00dcNEN\u201c sind in der Berichterstattung der Fernseh- und Rundfunkanstalten v\u00f6llig \u00fcberrepr\u00e4sentiert, und man geniert sich dort auch nicht die SED Nachfolgepartei \u201eDie Linke\u201c in den Diskurs wohlwollend mit einzubeziehen, bei gleichzeitigem Ausschlu\u00df der AfD.<br \/>\n<\/span><\/p>\n<p class=\"Normal tm5 tm7\" style=\"text-align: justify;\"><span class=\"tm6\">Was die Geb\u00fchren betrifft, gen\u00fcgt es nicht, da\u00df ein Teilnehmer f\u00fcr seinen privaten Gebrauch Geb\u00fchren zahlt, nein, wenn er im B\u00fcro sitzt oder einen Betrieb hat, ja auch als Nutzer eines Computers oder Campingwagens, wird er zus\u00e4tzlich zur Kasse gebeten, der Nutzer mu\u00df zweimal, u.U. dreimal f\u00fcr die gleiche Leistung bezahlen. Selbst Leute, die von ARD und ZDF nichts wissen wollen oder weder Fernseher noch Rundfunkger\u00e4t besitzen, werden gezwungen, diesem Club kostenpflichtig beizutreten. Wobei sich sofort die Frage stellt, wozu wir zwei \u00f6ffentlich rechtliche Versorgeranstalten brauchen.<\/span><\/p>\n<p class=\"Normal tm5\"><span class=\"tm6\">\u201eSchon GEZahlt?\u201c <\/span><\/p>\n<p class=\"Normal tm5\"><span class=\"tm6\">Die gezielte Zerst\u00f6rung unserer sozialen Gesellschaftsformen und <\/span><span class=\"tm6\">unserer Kultur<\/span><span class=\"tm6\">! Eine Suche nach den Hintergr\u00fcnden.<\/span><\/p>\n<p class=\"Normal tm5\" style=\"text-align: justify;\"><span class=\"tm6\">Jeder, der den Fernseher abends einschaltet kennt es: In der Regel herrscht um die Uhrzeit nach 20.00 Uhr nur Krieg, Horror, Vergewaltigung, Mord und Totschlag. Das dies seine Spuren gerade auch bei der Jugend hinterl\u00e4\u00dft k\u00f6nnen wir jeden Tag an deren Verhalten feststellen; einhergehend mit den langfristigen Folgen.<\/span><\/p>\n<p class=\"Normal tm5\" style=\"text-align: justify;\"><span class=\"tm6\">Man fragt sich: Warum wird dieser ganze geistige Abfall \u00fcberhaupt gesendet? Ist es wirklich der ausdr\u00fcckliche Wunsch des Publikums oder soll es nur an stumpfsinnige Billigkost gew\u00f6hnt werden? Viel von dem Verdummungsmaterial stammt aus den USA (absichtlich?). <\/span><\/p>\n<p class=\"Normal tm5\" style=\"text-align: justify;\"><span class=\"tm6\">Abgesegnet wird das Programm durch die Landesrundfunkanstalten. Es sind also in erster Linie die Vertreter der etablierten Parteien, die letztenendes f\u00fcr diese Programme verantwortlich sind. <\/span><\/p>\n<p class=\"Normal tm5\" style=\"text-align: justify;\"><span class=\"tm6\">Das Schlimmste an der ganzen Sache ist aber, da\u00df wir alle uns auch noch an dieser geistigen Ver\u00f6dung finanziell beteiligen m\u00fcssen \u2013 in Form der GEZ-Geb\u00fchr! Die \u00d6ffentlich-Rechtlichen Fernsehanstalten (\u00d6RF) sollen nach Gesetz normalerweise einen Bildungsauftrag wahrnehmen. F\u00fcr viele Menschen ist das aber nicht erkennbar. Im \u00dcbrigen wird nach Meinung vieler Kritiker das \u00d6RF ohnehin zum gro\u00dfe Teil als politisches Kampfinstrument gegen politisch Andersdenkende verwendet. <\/span><\/p>\n<p class=\"Normal tm5\" style=\"text-align: justify;\"><span class=\"tm6\">Das \u00d6RF hat aber nicht die Aufgabe, die B\u00fcrger politisch zu beeinflussen und erziehen, sondern \u00fcber politische Geschehnisse korrekt zu berichten.<\/span><\/p>\n<p class=\"Normal tm5\" style=\"text-align: justify;\"><span class=\"tm6\">L\u00e4ngst \u00fcberf\u00e4llig ist also die Abschaffung der Zwangsgeb\u00fchren in dieser Form, wie sie bereits von vielen B\u00fcrgern gefordert wird.<\/span><\/p>\n<p class=\"Normal tm5 tm7\"><span class=\"tm6\">Vorschlag:<\/span><\/p>\n<p class=\"Normal tm5\" style=\"text-align: justify;\"><span class=\"tm6\">&#8211; Es gibt nur noch einen \u00f6ffentlich rechtlichen Fernsehsender (z.B. ARD) und jedes Bundesland darf ein tageszeitlich begrenztes Regionalprogramm haben.<\/span><\/p>\n<p class=\"Normal tm5\"><span class=\"tm6\">&#8211; Der zweite \u00f6ffentlich rechtliche Sender wird privatisiert.<\/span><\/p>\n<p class=\"Normal tm5\" style=\"text-align: justify;\"><span class=\"tm6\">&#8211; Es gibt nur einen \u00f6ffentlich rechtlichen Radiosender f\u00fcr ganz Deutschland. Das gen\u00fcgt f\u00fcr eine Grundversorgung von relevanten Nachrichten. Jedes Bundesland darf zus\u00e4tzlich noch einen \u00f6ffentlich rechtlichen Regionalsender haben.<\/span><\/p>\n<p class=\"Normal tm5\"><span class=\"tm6\">&#8211; Die Geb\u00fchren werden wie folgt geregelt:<\/span><\/p>\n<p class=\"Normal tm5\" style=\"text-align: justify;\"><span class=\"tm6\">Der Staat zahlt den \u00f6ffentlich rechtlichen Anstalten einen begrenzten Festbetrag. Die Rundfunk- und Fernsehteilnehmer zahlen den n\u00f6tigen Restbetrag, aber leistungsbezogen, also nur was die Teilnehmer tats\u00e4chlich konsumieren. <\/span><\/p>\n<p class=\"Normal tm5\" style=\"text-align: justify;\"><span class=\"tm6\">&#8211; Jedes Fernseh-\/Rundfunkger\u00e4t hat einen Erfassungschip, der registriert welcher Sender wie lange eingeschaltet ist. Dementsprechend wird, wie vorher erw\u00e4hnt, leistungsbezogen (nach Einschaltdauer und Sender) abgerechnet. Die \u00f6ffentlich rechtlichen Anstalten bekommen f\u00fcr ihre Leistungen von diesen Einnahmen einen etwas h\u00f6heren Anteil, weil sie keine Reklame mehr senden d\u00fcrfen. Die privaten Sender werden ebenfalls leistungsbezogen bezahlt.<\/span><\/p>\n<p class=\"Normal tm5\" style=\"text-align: justify;\"><span class=\"tm6\">&#8211; Der Chip ist zeitbegrenzt und kann an der Tankstelle oder im Supermarkt gegen eine entsprechende Geb\u00fchr wieder aufladen werden oder bei neueren Ger\u00e4ten werden die Geb\u00fchren \u00fcber R\u00fcckkoppelung vom Fernsehger\u00e4t direkt von der GEZ eingezogen oder der Chip kann \u00fcber das Internet wieder aufladen werden. Dies ist nach heutigem Stand der Technik m\u00f6glich. Die GEZ sammelt die Geb\u00fchren und teilt sie entsprechend auf. Es wird also Konsum (wie lange)- und Produktbezogen (welcher Sender) abgerechnet. Zuschauer alter Fernseher, die keine Diversifizierungseinrichtung haben, zahlen den alten GEZ-Betrag, der aber bei der Abrechnung prozentual zwischen den Sendeanstalten entsprechend der Einschaltquoten verrechnet wird, d.h. diese Rundfunk- Fernsehteilnehmer zahlen dann allerdings den H\u00f6chstbetrag. Als soziale Komponente, lie\u00dfe sich ein verringerter Beitrag f\u00fcr Rentner und Arbeitslose einrichten.<\/span><\/p>\n<p class=\"Normal tm5\" style=\"text-align: justify;\"><span class=\"tm6\">Fazit: Wer viel Fernsehen\/Radio konsumiert bezahlt viel, wer wenig Fernsehen\/Radio konsumiert zahlt wenig und wer auf diesen Konsum ganz verzichtet, bezahlt nichts, Ganz gleich ob er kein Ger\u00e4t hat oder in jedem Zimmer und der Garage eins. Wenn der Brotkorb leer ist, mu\u00df man auch nicht f\u00fcr Brot bezahlen.<\/span><\/p>\n<p class=\"Normal tm5\" style=\"text-align: justify;\"><span class=\"tm6\">Diese Ma\u00dfnahmen w\u00fcrden automatisch die \u00f6ffentlich rechtlichen Anstalten verschlanken und die Kosten senken.<\/span><\/p>\n<p class=\"Normal tm5\" style=\"text-align: justify;\"><span class=\"tm6\">Es m\u00fc\u00dfte durch ein unabh\u00e4ngiges Kontrollsystem gew\u00e4hrleistet werden, da\u00df die Berichterstattung der \u00f6ffentlich rechtlichen Sender neutral erfolgt und da\u00df faktenreicher und weniger meinungsbezogen berichtet wird. Bei Interviews oder Talk Shows m\u00fcssen zwingend die Vertreter der Gegenpartei zu Worte kommen.<\/span><\/p>\n<p class=\"Normal tm5 tm7\" style=\"text-align: justify;\"><span class=\"tm6\">Es ist nicht einzusehen, da\u00df eine ideologische Politclique, \u00fcber Zwangsgeb\u00fchren und Werbeeinnahmen, sich selbst f\u00fcrstlich bedient und meint, zul\u00e4ssige Meinungen bestimmen und andere ausgrenzen zu k\u00f6nnen und sich obendrein \u00fcber ihre geb\u00fchrenpflichtigen Zuschauer lustig machen bzw. sie beschimpfen kann.<\/span><\/p>\n<p class=\"Normal tm5 tm7\"><span class=\"tm6\">Gerd-Uwe Dahlmann<\/span><\/p>\n","protected":false},"excerpt":{"rendered":"<p>Brauchen wir \u00d6ffentlich Rechtliche Rundfunk- und Fernsehanstalten? In letzter Zeit mehren sich die Stimmen, da\u00df die \u00d6ffentlich Rechtlichen Sender abgeschafft werden sollten. Die \u00d6ffentlich-Rechtlichen Rundfunk- und Fernsehanstalten (\u00d6RF) sollen die Bev\u00f6lkerung unabh\u00e4ngig, neutral und mit Fakten \u00fcber alle gesellschaftlich relevanten Vorg\u00e4nge, Gruppierungen und politischen Parteien informieren. Unabh\u00e4ngig davon, ob sie dies nun wirklich tun, stellt &hellip; <a href=\"http:\/\/deutsche-partei-dp.de\/?p=1065\" class=\"more-link\"><span class=\"screen-reader-text\">\u201eBrauchen wir \u00d6ffentlich Rechtliche Rundfunk- und Fernsehanstalten?\u201c<\/span> weiterlesen<\/a><\/p>\n","protected":false},"author":2,"featured_media":0,"comment_status":"closed","ping_status":"closed","sticky":false,"template":"","format":"standard","meta":{"_editorskit_title_hidden":false,"_editorskit_reading_time":0,"_editorskit_is_block_options_detached":false,"_editorskit_block_options_position":"{}"},"categories":[301,300,806],"tags":[16,423,126,733,500,938,937,935,936,940,286,424,939],"_links":{"self":[{"href":"http:\/\/deutsche-partei-dp.de\/index.php?rest_route=\/wp\/v2\/posts\/1065"}],"collection":[{"href":"http:\/\/deutsche-partei-dp.de\/index.php?rest_route=\/wp\/v2\/posts"}],"about":[{"href":"http:\/\/deutsche-partei-dp.de\/index.php?rest_route=\/wp\/v2\/types\/post"}],"author":[{"embeddable":true,"href":"http:\/\/deutsche-partei-dp.de\/index.php?rest_route=\/wp\/v2\/users\/2"}],"replies":[{"embeddable":true,"href":"http:\/\/deutsche-partei-dp.de\/index.php?rest_route=%2Fwp%2Fv2%2Fcomments&post=1065"}],"version-history":[{"count":1,"href":"http:\/\/deutsche-partei-dp.de\/index.php?rest_route=\/wp\/v2\/posts\/1065\/revisions"}],"predecessor-version":[{"id":1066,"href":"http:\/\/deutsche-partei-dp.de\/index.php?rest_route=\/wp\/v2\/posts\/1065\/revisions\/1066"}],"wp:attachment":[{"href":"http:\/\/deutsche-partei-dp.de\/index.php?rest_route=%2Fwp%2Fv2%2Fmedia&parent=1065"}],"wp:term":[{"taxonomy":"category","embeddable":true,"href":"http:\/\/deutsche-partei-dp.de\/index.php?rest_route=%2Fwp%2Fv2%2Fcategories&post=1065"},{"taxonomy":"post_tag","embeddable":true,"href":"http:\/\/deutsche-partei-dp.de\/index.php?rest_route=%2Fwp%2Fv2%2Ftags&post=1065"}],"curies":[{"name":"wp","href":"https:\/\/api.w.org\/{rel}","templated":true}]}}